{"id":126239,"date":"2021-09-06T17:23:07","date_gmt":"2021-09-06T21:23:07","guid":{"rendered":"https:\/\/linitiative.ca\/International\/tunisie-video-moncef-marzouki-appelle-a-la-liberation-des-detenus-politiques-dont-yassine-ayari\/"},"modified":"2021-09-06T17:23:07","modified_gmt":"2021-09-06T21:23:07","slug":"tunisie-video-moncef-marzouki-appelle-a-la-liberation-des-detenus-politiques-dont-yassine-ayari","status":"publish","type":"post","link":"https:\/\/linitiative.ca\/International\/tunisie-video-moncef-marzouki-appelle-a-la-liberation-des-detenus-politiques-dont-yassine-ayari\/","title":{"rendered":"Tunisie [VIDEO] : Moncef Marzouki appelle \u00e0 la lib\u00e9ration des d\u00e9tenus politiques, dont Yassine Ayari"},"content":{"rendered":"<div>\n<p>L\u2019ancien pr\u00e9sident de la R\u00e9publique \u00ab\u00a0provisoire\u00a0\u00bb, \u00a0Moncef Marzouki a d\u00e9clar\u00e9 que les d\u00e9tenus politiques, dont Yassine Ayari, devaient \u00eatre lib\u00e9r\u00e9s. Dans une vid\u00e9o diffus\u00e9e sur sa page ce soir 06 septembre 2021, Marzouki a soulign\u00e9 la n\u00e9cessit\u00e9 d\u2019assainir le climat politique.<\/p>\n<p>L\u2019article <a href=\"https:\/\/www.tunisienumerique.com\/tunisie-video-moncef-marzouki-appelle-a-la-liberation-des-detenus-politiques-dont-yassine-ayari\/\">Tunisie [VIDEO] : Moncef Marzouki appelle \u00e0 la lib\u00e9ration des d\u00e9tenus politiques, dont Yassine Ayari<\/a> est apparu en premier sur <a href=\"https:\/\/www.tunisienumerique.com\/\">Tunisie<\/a>.<\/p>\n<\/div>\n<p>Auteur: rania ben slimane<br \/>\n<a href=\"https:\/\/www.tunisienumerique.com\/tunisie-video-moncef-marzouki-appelle-a-la-liberation-des-detenus-politiques-dont-yassine-ayari\/\">Cliquez ici pour lire l&rsquo;article depuis sa source.<\/a><\/p>\n","protected":false},"excerpt":{"rendered":"<p>L\u2019ancien pr\u00e9sident de la R\u00e9publique \u00ab\u00a0provisoire\u00a0\u00bb, \u00a0Moncef Marzouki a d\u00e9clar\u00e9 que les d\u00e9tenus politiques, dont Yassine Ayari, devaient \u00eatre lib\u00e9r\u00e9s. Dans une vid\u00e9o diffus\u00e9e sur sa page ce soir 06 septembre 2021, Marzouki a soulign\u00e9 la n\u00e9cessit\u00e9 d\u2019assainir le climat politique. L\u2019article Tunisie [VIDEO] : Moncef Marzouki appelle \u00e0 la lib\u00e9ration des d\u00e9tenus politiques, dont [&hellip;]<\/p>\n","protected":false},"author":1789,"featured_media":0,"comment_status":"closed","ping_status":"closed","sticky":false,"template":"","format":"standard","meta":{"fifu_image_url":"","fifu_image_alt":"","footnotes":""},"categories":[73,55],"tags":[],"class_list":["post-126239","post","type-post","status-publish","format-standard","hentry","category-actualite","category-tunisie"],"_links":{"self":[{"href":"https:\/\/linitiative.ca\/International\/wp-json\/wp\/v2\/posts\/126239","targetHints":{"allow":["GET"]}}],"collection":[{"href":"https:\/\/linitiative.ca\/International\/wp-json\/wp\/v2\/posts"}],"about":[{"href":"https:\/\/linitiative.ca\/International\/wp-json\/wp\/v2\/types\/post"}],"author":[{"embeddable":true,"href":"https:\/\/linitiative.ca\/International\/wp-json\/wp\/v2\/users\/1789"}],"replies":[{"embeddable":true,"href":"https:\/\/linitiative.ca\/International\/wp-json\/wp\/v2\/comments?post=126239"}],"version-history":[{"count":0,"href":"https:\/\/linitiative.ca\/International\/wp-json\/wp\/v2\/posts\/126239\/revisions"}],"wp:attachment":[{"href":"https:\/\/linitiative.ca\/International\/wp-json\/wp\/v2\/media?parent=126239"}],"wp:term":[{"taxonomy":"category","embeddable":true,"href":"https:\/\/linitiative.ca\/International\/wp-json\/wp\/v2\/categories?post=126239"},{"taxonomy":"post_tag","embeddable":true,"href":"https:\/\/linitiative.ca\/International\/wp-json\/wp\/v2\/tags?post=126239"}],"curies":[{"name":"wp","href":"https:\/\/api.w.org\/{rel}","templated":true}]}}