{"id":126240,"date":"2021-09-06T17:32:49","date_gmt":"2021-09-06T21:32:49","guid":{"rendered":"https:\/\/linitiative.ca\/International\/report-au-1er-octobre-du-demarrage-effectif-de-la-rentree-scolaire\/"},"modified":"2021-09-06T17:32:49","modified_gmt":"2021-09-06T21:32:49","slug":"report-au-1er-octobre-du-demarrage-effectif-de-la-rentree-scolaire","status":"publish","type":"post","link":"https:\/\/linitiative.ca\/International\/report-au-1er-octobre-du-demarrage-effectif-de-la-rentree-scolaire\/","title":{"rendered":"Report au 1er octobre du d\u00e9marrage effectif de la rentr\u00e9e scolaire"},"content":{"rendered":"<div>\n<div style=\"margin-bottom:20px;\"><img loading=\"lazy\" decoding=\"async\" width=\"750\" height=\"430\" src=\"https:\/\/linitiative.ca\/International\/wp-content\/uploads\/sites\/23\/2021\/09\/SiC3A8ge-MinistC3A8re-de-lE28099C389ducation-Nationale-750C397430-MAP-1.jpg\" class=\"attachment-post-thumbnail size-post-thumbnail wp-post-image\" alt=\"\" srcset=\"https:\/\/linitiative.ca\/International\/wp-content\/uploads\/sites\/23\/2021\/09\/SiC3A8ge-MinistC3A8re-de-lE28099C389ducation-Nationale-750C397430-MAP-1.jpg 750w, http:\/\/www.mapoujda.ma\/map\/uploads\/2021\/01\/Si\u00e8ge-Minist\u00e8re-de-l\u2019\u00c9ducation-Nationale-750\u00d7430-MAP-300x172.jpg 300w\" sizes=\"auto, (max-width: 750px) 100vw, 750px\"><\/div>\n<div>\n<p style=\"text-align: justify;\">Le d\u00e9marrage effectif de la rentr\u00e9e scolaire au titre de l\u2019ann\u00e9e scolaire 2021-2022 a \u00e9t\u00e9 report\u00e9 au 1er octobre prochain, a annonc\u00e9 lundi le minist\u00e8re de l\u2019\u00c9ducation nationale, de la formation professionnelle, de l\u2019enseignement sup\u00e9rieur et de la recherche scientifique.<\/p>\n<p style=\"text-align: justify;\">Cette mesure s\u2019applique \u00e0 l\u2019ensemble des \u00e9tablissements scolaires et universitaires, aux centres de formation professionnelle, aux \u00e9tablissements d\u2019enseignement traditionnel aussi bien priv\u00e9s que publics, ainsi qu\u2019aux \u00e9coles des missions \u00e9trang\u00e8res, pr\u00e9cise le minist\u00e8re dans un communiqu\u00e9.<\/p>\n<p style=\"text-align: justify;\">Le report, a-t-il ajout\u00e9, permettra de r\u00e9unir les conditions appropri\u00e9es pour l\u2019adoption du mode de \u00ab\u00a0l\u2019enseignement pr\u00e9sentiel\u00a0\u00bb pour tous les \u00e9l\u00e8ves, les \u00e9tudiants et les stagiaires de la formation professionnelle, en cons\u00e9cration du principe d\u2019\u00e9quit\u00e9 et d\u2019\u00e9galit\u00e9 des chances.<\/p>\n<p style=\"text-align: justify;\">Cette d\u00e9cision a \u00e9t\u00e9 prise compte tenu de l\u2019am\u00e9lioration de la situation \u00e9pid\u00e9miologique dans notre pays et de la n\u00e9cessit\u00e9 de pr\u00e9server les acquis r\u00e9alis\u00e9s dans le combat contre la pand\u00e9mie de Covid 19, et de maintenir la courbe descendante des cas d\u2019infection, ainsi que du bon d\u00e9roulement de la campagne nationale de vaccination en g\u00e9n\u00e9ral, et particuli\u00e8rement pour les tranche d\u2019\u00e2ge des 12-17 ans et des 18 ans et plus.<\/p>\n<p style=\"text-align: justify;\">Elle s\u2019explique aussi par \u00ab\u00a0le souci de g\u00e9n\u00e9ralisation de l\u2019acc\u00e8s \u00e0 la vaccination pour tous les \u00e9l\u00e8ves cibl\u00e9s par cette op\u00e9ration, qui ouvre la voie \u00e0 la r\u00e9alisation de l\u2019immunit\u00e9 collective, et la n\u00e9cessaire protection de la sant\u00e9 et de la s\u00e9curit\u00e9 de nos filles et fils \u00e9l\u00e8ves ainsi que des cadres p\u00e9dagogiques et administratifs et tous ceux qui fr\u00e9quentent les \u00e9tablissements scolaires, universitaires et de formation\u00a0\u00bb, explique le communiqu\u00e9, soulignant en outre la n\u00e9cessit\u00e9 d\u2019\u00e9viter toute d\u00e9t\u00e9rioration de la situation par l\u2019\u00e9ventuelle apparition de foyers du virus au sein d\u2019\u00e9tablissements d\u2019\u00e9ducation et de formation.<\/p>\n<p style=\"text-align: justify;\">A cette occasion, le minist\u00e8re appelle tous les citoyens \u00e0 s\u2019engager massivement en faveur de l\u2019op\u00e9ration nationale de vaccination et de poursuivre le respect des mesures de pr\u00e9caution recommand\u00e9es par les autorit\u00e9s comp\u00e9tentes, afin d\u2019acc\u00e9l\u00e9rer le rythme de retour \u00e0 la vie normale pour un d\u00e9marrage effectif des cours dans des conditions normales.<\/p>\n<\/div>\n<p>L\u2019article <a rel=\"nofollow\" href=\"http:\/\/www.mapoujda.ma\/fr\/report-au-1er-octobre-du-demarrage-effectif-de-la-rentree-scolaire\/\">Report au 1er octobre du d\u00e9marrage effectif de la rentr\u00e9e scolaire<\/a> est apparu en premier sur <a rel=\"nofollow\" href=\"http:\/\/www.mapoujda.ma\/fr\">MapOujda<\/a>.<\/p>\n<\/div>\n<p>Auteur: Soufiane ELAHMAR<br \/>\n<a href=\"http:\/\/www.mapoujda.ma\/fr\/report-au-1er-octobre-du-demarrage-effectif-de-la-rentree-scolaire\/\">Cliquez ici pour lire l&rsquo;article depuis sa source.<\/a><\/p>\n","protected":false},"excerpt":{"rendered":"<p>Le d\u00e9marrage effectif de la rentr\u00e9e scolaire au titre de l\u2019ann\u00e9e scolaire 2021-2022 a \u00e9t\u00e9 report\u00e9 au 1er octobre prochain, a annonc\u00e9 lundi le minist\u00e8re de l\u2019\u00c9ducation nationale, de la formation professionnelle, de l\u2019enseignement sup\u00e9rieur et de la recherche scientifique. Cette mesure s\u2019applique \u00e0 l\u2019ensemble des \u00e9tablissements scolaires et universitaires, aux centres de formation professionnelle, [&hellip;]<\/p>\n","protected":false},"author":1788,"featured_media":0,"comment_status":"closed","ping_status":"closed","sticky":false,"template":"","format":"standard","meta":{"fifu_image_url":"http:\/\/www.mapoujda.ma\/map\/uploads\/2021\/01\/Si\u00e8ge-Minist\u00e8re-de-l\u2019\u00c9ducation-Nationale-750\u00d7430-MAP.jpg","fifu_image_alt":"Report au 1er octobre du d\u00e9marrage effectif de la rentr\u00e9e scolaire","footnotes":""},"categories":[54,76],"tags":[],"class_list":["post-126240","post","type-post","status-publish","format-standard","hentry","category-maroc","category-regions"],"_links":{"self":[{"href":"https:\/\/linitiative.ca\/International\/wp-json\/wp\/v2\/posts\/126240","targetHints":{"allow":["GET"]}}],"collection":[{"href":"https:\/\/linitiative.ca\/International\/wp-json\/wp\/v2\/posts"}],"about":[{"href":"https:\/\/linitiative.ca\/International\/wp-json\/wp\/v2\/types\/post"}],"author":[{"embeddable":true,"href":"https:\/\/linitiative.ca\/International\/wp-json\/wp\/v2\/users\/1788"}],"replies":[{"embeddable":true,"href":"https:\/\/linitiative.ca\/International\/wp-json\/wp\/v2\/comments?post=126240"}],"version-history":[{"count":0,"href":"https:\/\/linitiative.ca\/International\/wp-json\/wp\/v2\/posts\/126240\/revisions"}],"wp:attachment":[{"href":"https:\/\/linitiative.ca\/International\/wp-json\/wp\/v2\/media?parent=126240"}],"wp:term":[{"taxonomy":"category","embeddable":true,"href":"https:\/\/linitiative.ca\/International\/wp-json\/wp\/v2\/categories?post=126240"},{"taxonomy":"post_tag","embeddable":true,"href":"https:\/\/linitiative.ca\/International\/wp-json\/wp\/v2\/tags?post=126240"}],"curies":[{"name":"wp","href":"https:\/\/api.w.org\/{rel}","templated":true}]}}