{"id":126245,"date":"2021-09-06T15:55:05","date_gmt":"2021-09-06T19:55:05","guid":{"rendered":"https:\/\/linitiative.ca\/International\/coup-detat-contre-alpha-conde\/"},"modified":"2021-09-06T15:55:05","modified_gmt":"2021-09-06T19:55:05","slug":"coup-detat-contre-alpha-conde","status":"publish","type":"post","link":"https:\/\/linitiative.ca\/International\/coup-detat-contre-alpha-conde\/","title":{"rendered":"COUP D\u2019ETAT CONTRE ALPHA CONDE"},"content":{"rendered":"<div>\n<p><img decoding=\"async\" width=\"592\" height=\"296\" src=\"https:\/\/linitiative.ca\/International\/wp-content\/uploads\/sites\/23\/2021\/09\/GUINEE.png\" class=\"attachment- size- wp-post-image\" alt=\"\" loading=\"lazy\" style=\"float:left; margin:0 15px 15px 0;\" srcset=\"https:\/\/linitiative.ca\/International\/wp-content\/uploads\/sites\/23\/2021\/09\/GUINEE.png 592w, https:\/\/lepays.bf\/wp-content\/uploads\/2021\/09\/GUINEE-300x150.png 300w\" sizes=\"auto, (max-width: 592px) 100vw, 592px\">Quarante-huit heures apr\u00e8s le coup d\u2019Etat du colonel Mamady Doumbouya qui a d\u00e9pos\u00e9 le pr\u00e9sident Alpha Cond\u00e9 le 5 septembre dernier, c\u2019est toujours l\u2019incertitude en Guin\u00e9e. En effet, entre joie explosive des adversaires du pr\u00e9sident d\u00e9chu, prudence de ses partisans et condamnations de la communaut\u00e9 internationale, la Guin\u00e9e cherche, peut-on dire, son chemin pour ne \u2026<\/p>\n<p>L\u2019article <a rel=\"nofollow\" href=\"https:\/\/lepays.bf\/coup-detat-contre-alpha-conde\/\">COUP D\u2019ETAT CONTRE ALPHA CONDE<\/a> est apparu en premier sur <a rel=\"nofollow\" href=\"https:\/\/lepays.bf\/\">Editions Le Pays<\/a>.<\/p>\n<\/div>\n<p>Auteur: Editions LEPAYS<br \/>\n<a href=\"https:\/\/lepays.bf\/coup-detat-contre-alpha-conde\/\">Cliquez ici pour lire l&rsquo;article depuis sa source.<\/a><\/p>\n","protected":false},"excerpt":{"rendered":"<p>Quarante-huit heures apr\u00e8s le coup d\u2019Etat du colonel Mamady Doumbouya qui a d\u00e9pos\u00e9 le pr\u00e9sident Alpha Cond\u00e9 le 5 septembre dernier, c\u2019est toujours l\u2019incertitude en Guin\u00e9e. En effet, entre joie explosive des adversaires du pr\u00e9sident d\u00e9chu, prudence de ses partisans et condamnations de la communaut\u00e9 internationale, la Guin\u00e9e cherche, peut-on dire, son chemin pour ne [&hellip;]<\/p>\n","protected":false},"author":1813,"featured_media":0,"comment_status":"closed","ping_status":"closed","sticky":false,"template":"","format":"standard","meta":{"fifu_image_url":"https:\/\/lepays.bf\/wp-content\/uploads\/2021\/09\/GUINEE.png","fifu_image_alt":"COUP D\u2019ETAT CONTRE ALPHA CONDE","footnotes":""},"categories":[73,81],"tags":[],"class_list":["post-126245","post","type-post","status-publish","format-standard","hentry","category-actualite","category-burkina-faso"],"_links":{"self":[{"href":"https:\/\/linitiative.ca\/International\/wp-json\/wp\/v2\/posts\/126245","targetHints":{"allow":["GET"]}}],"collection":[{"href":"https:\/\/linitiative.ca\/International\/wp-json\/wp\/v2\/posts"}],"about":[{"href":"https:\/\/linitiative.ca\/International\/wp-json\/wp\/v2\/types\/post"}],"author":[{"embeddable":true,"href":"https:\/\/linitiative.ca\/International\/wp-json\/wp\/v2\/users\/1813"}],"replies":[{"embeddable":true,"href":"https:\/\/linitiative.ca\/International\/wp-json\/wp\/v2\/comments?post=126245"}],"version-history":[{"count":0,"href":"https:\/\/linitiative.ca\/International\/wp-json\/wp\/v2\/posts\/126245\/revisions"}],"wp:attachment":[{"href":"https:\/\/linitiative.ca\/International\/wp-json\/wp\/v2\/media?parent=126245"}],"wp:term":[{"taxonomy":"category","embeddable":true,"href":"https:\/\/linitiative.ca\/International\/wp-json\/wp\/v2\/categories?post=126245"},{"taxonomy":"post_tag","embeddable":true,"href":"https:\/\/linitiative.ca\/International\/wp-json\/wp\/v2\/tags?post=126245"}],"curies":[{"name":"wp","href":"https:\/\/api.w.org\/{rel}","templated":true}]}}