{"id":126247,"date":"2021-09-06T13:18:02","date_gmt":"2021-09-06T17:18:02","guid":{"rendered":"https:\/\/linitiative.ca\/International\/ouverture-a-dakar-dune-formation-sur-la-norme-iso-17065\/"},"modified":"2021-09-06T13:18:02","modified_gmt":"2021-09-06T17:18:02","slug":"ouverture-a-dakar-dune-formation-sur-la-norme-iso-17065","status":"publish","type":"post","link":"https:\/\/linitiative.ca\/International\/ouverture-a-dakar-dune-formation-sur-la-norme-iso-17065\/","title":{"rendered":"Ouverture \u00e0 Dakar d\u2019une formation sur la norme ISO 17065"},"content":{"rendered":"<div>\n<p><img loading=\"lazy\" decoding=\"async\" width=\"973\" height=\"580\" src=\"https:\/\/linitiative.ca\/International\/wp-content\/uploads\/sites\/23\/2021\/09\/16309486823375.jpg\" class=\"attachment-post-thumbnail size-post-thumbnail wp-post-image\" alt=\"\" srcset=\"https:\/\/linitiative.ca\/International\/wp-content\/uploads\/sites\/23\/2021\/09\/16309486823375.jpg 973w, https:\/\/www.journalducameroun.com\/wp-content\/uploads\/2021\/09\/16309486823375-300x179.jpg 300w, https:\/\/www.journalducameroun.com\/wp-content\/uploads\/2021\/09\/16309486823375-768x458.jpg 768w, https:\/\/www.journalducameroun.com\/wp-content\/uploads\/2021\/09\/16309486823375-738x440.jpg 738w, https:\/\/www.journalducameroun.com\/wp-content\/uploads\/2021\/09\/16309486823375-600x358.jpg 600w\" sizes=\"auto, (max-width: 973px) 100vw, 973px\"><\/p>\n<p>Des membres de laboratoires d&rsquo;analyse et d&rsquo;essai sur les exigences de la norme ISO 17065 ont entam\u00e9, ce lundi \u00e0 Dakar, une formation de deux jours sur la certification.La rencontre est initi\u00e9e par l&rsquo;Association s\u00e9n\u00e9galaise de normalisation (ASN), en collaboration avec l&rsquo;Unit\u00e9 nationale de mise en \u0153uvre du cadre int\u00e9gr\u00e9 renforce (UNMOCIR), \u00e0 travers le Projet d&rsquo;Appui \u00e0 la conformit\u00e9 m\u00e9trologique des produits et services pour la facilitation des \u00e9changes au S\u00e9n\u00e9gal.<\/p>\n<p>\u00ab Cet atelier s&rsquo;inscrit dans la mise en \u0153uvre du volet \u00e9valuation de la conformit\u00e9 qui est une composante essentielle de la politique nationale de la Qualit\u00e9 (PNQ) adopt\u00e9e par d\u00e9cret 2017 &#8211; 461 le 21 Mars 2017 et dont l&rsquo;objectif fondamental est d&rsquo;asseoir une Infrastructure Nationale Qualit\u00e9 (INQ) de niveau international apte \u00e0 soutenir le Plan S\u00e9n\u00e9gal Emergent (PSE) \u00bb, selon El Hadj Abdourahmane Ndione, Directeur g\u00e9n\u00e9ral de l&rsquo;ASN.<\/p>\n<p>Selon lui, en adoptant la politique nationale qualit\u00e9, \u00ab notre pays se donne les moyens de promouvoir la qualit\u00e9 des biens et services produits au S\u00e9n\u00e9gal \u00e0 travers la mise en place d&rsquo;un syst\u00e8me national de certification de conformit\u00e9 des produits aux normes \u00bb.<\/p>\n<p>Il a ajout\u00e9, dans son discours dont APA a re\u00e7u une copie, que le d\u00e9veloppement des activit\u00e9s de certification de produits et services connait une \u00e9volution tr\u00e8s rapide et n\u00e9cessite la mise \u00e0 niveau et la formation des membres des Comit\u00e9s Particuliers de Certification (CPC).<\/p>\n<p>C&rsquo;est dans ce cadre, a dit M. Ndione, qu&rsquo;il faut situer la tenue de cet atelier qui intervient dans un contexte caract\u00e9ris\u00e9 par la lutte contre la Covid-19 au cours duquel l&rsquo;ASN a certifi\u00e9 213 structures de confection de masques barri\u00e8re \u00e0 Dakar et dans les r\u00e9gions et mis en place un programme de certification op\u00e9rationnel des gels hydro alcooliques.<\/p>\n<p>\u00ab Le d\u00e9veloppement de la certification de conformit\u00e9 des produits s\u00e9n\u00e9galais aux normes nationales va permettre, dans le cadre de l&rsquo;int\u00e9gration \u00e9conomique africaine et la stimulation du commerce intra-africain avec la mise en place de la Zone de libre-\u00e9change continentale africaine (Zlecaf) qui sera effective d\u00e8s le 1 er janvier 2021, de bien positionner nos produits sur le march\u00e9 unique africain. En plus de cela, la certification va permettre de rassurer le consommateur sur la qualit\u00e9 des produits sur le march\u00e9 et d&rsquo;avoir un crit\u00e8re de choix\u00a0\u00bb, a indiqu\u00e9 El Hadj Abdourahmane Ndione.<\/p>\n<p>Cet article <a rel=\"nofollow\" href=\"https:\/\/www.journalducameroun.com\/ouverture-a-dakar-dune-formation-sur-la-norme-iso-17065\/\">Ouverture \u00e0 Dakar d\u2019une formation sur la norme ISO 17065<\/a> est apparu en premier sur <a rel=\"nofollow\" href=\"https:\/\/www.journalducameroun.com\/\">Journal du Cameroun<\/a>.<\/p>\n<\/div>\n<p>Auteur: APA News<br \/>\n<a href=\"https:\/\/www.journalducameroun.com\/ouverture-a-dakar-dune-formation-sur-la-norme-iso-17065\/\">Cliquez ici pour lire l&rsquo;article depuis sa source.<\/a><\/p>\n","protected":false},"excerpt":{"rendered":"<p>Des membres de laboratoires d&rsquo;analyse et d&rsquo;essai sur les exigences de la norme ISO 17065 ont entam\u00e9, ce lundi \u00e0 Dakar, une formation de deux jours sur la certification.La rencontre est initi\u00e9e par l&rsquo;Association s\u00e9n\u00e9galaise de normalisation (ASN), en collaboration avec l&rsquo;Unit\u00e9 nationale de mise en \u0153uvre du cadre int\u00e9gr\u00e9 renforce (UNMOCIR), \u00e0 travers le [&hellip;]<\/p>\n","protected":false},"author":1965,"featured_media":0,"comment_status":"closed","ping_status":"closed","sticky":false,"template":"","format":"standard","meta":{"fifu_image_url":"https:\/\/www.journalducameroun.com\/wp-content\/uploads\/2021\/09\/16309486823375.jpg","fifu_image_alt":"Ouverture \u00e0 Dakar d\u2019une formation sur la norme ISO 17065","footnotes":""},"categories":[73,82],"tags":[],"class_list":["post-126247","post","type-post","status-publish","format-standard","hentry","category-actualite","category-cameroun"],"_links":{"self":[{"href":"https:\/\/linitiative.ca\/International\/wp-json\/wp\/v2\/posts\/126247","targetHints":{"allow":["GET"]}}],"collection":[{"href":"https:\/\/linitiative.ca\/International\/wp-json\/wp\/v2\/posts"}],"about":[{"href":"https:\/\/linitiative.ca\/International\/wp-json\/wp\/v2\/types\/post"}],"author":[{"embeddable":true,"href":"https:\/\/linitiative.ca\/International\/wp-json\/wp\/v2\/users\/1965"}],"replies":[{"embeddable":true,"href":"https:\/\/linitiative.ca\/International\/wp-json\/wp\/v2\/comments?post=126247"}],"version-history":[{"count":0,"href":"https:\/\/linitiative.ca\/International\/wp-json\/wp\/v2\/posts\/126247\/revisions"}],"wp:attachment":[{"href":"https:\/\/linitiative.ca\/International\/wp-json\/wp\/v2\/media?parent=126247"}],"wp:term":[{"taxonomy":"category","embeddable":true,"href":"https:\/\/linitiative.ca\/International\/wp-json\/wp\/v2\/categories?post=126247"},{"taxonomy":"post_tag","embeddable":true,"href":"https:\/\/linitiative.ca\/International\/wp-json\/wp\/v2\/tags?post=126247"}],"curies":[{"name":"wp","href":"https:\/\/api.w.org\/{rel}","templated":true}]}}