{"id":126254,"date":"2021-09-06T17:05:16","date_gmt":"2021-09-06T21:05:16","guid":{"rendered":"https:\/\/linitiative.ca\/International\/actu-vert-entretenons-nos-plants\/"},"modified":"2021-09-06T17:05:16","modified_gmt":"2021-09-06T21:05:16","slug":"actu-vert-entretenons-nos-plants","status":"publish","type":"post","link":"https:\/\/linitiative.ca\/International\/actu-vert-entretenons-nos-plants\/","title":{"rendered":"Actu vert : Entretenons nos plants"},"content":{"rendered":"<div>\n<p><strong>La Journ\u00e9e nationale de l\u2019arbre (JNA), lanc\u00e9e par le Pr\u00e9sident du Faso, Roch Marc Christian Kabor\u00e9, depuis 2019 commence \u00e0 porter des fruits. Le taux de r\u00e9ussite des plants mis en terre a atteint 60% d\u00e8s la 2e \u00e9dition. L\u2019initiative doit se poursuivre en mettant l\u2019accent sur l\u2019entretien et la protection des plants.<\/strong><\/p>\n<p>Le mois d\u2019ao\u00fbt est sans doute la p\u00e9riode indiqu\u00e9e pour planter des arbres. Le moins que l\u2019on puisse dire est que le Burkina Faso est coutumier des campagnes de reboisement o\u00f9 de milliers de plants sont mis en terre chaque ann\u00e9e. Depuis les ind\u00e9pendances \u00e0 nos jours en passant par la p\u00e9riode r\u00e9volutionnaire, l\u2019administration publique, les services priv\u00e9s, les ONG et les mouvements associatifs pour ne citer que ceux-ci se sont toujours inscrits dans cette dynamique pour reverdir la m\u00e8re-patrie. Car il est connu de tous, le pays des Hommes int\u00e8gres, \u00e0 l\u2019instar des autres pays sah\u00e9liens, se trouve dans une situation de d\u00e9forestation acc\u00e9l\u00e9r\u00e9e.<\/p>\n<p>Selon le rapport sur la d\u00e9forestation et la d\u00e9gradation au Burkina Faso de mai 2019, le pays perd environ 247 145 hectares (ha) de for\u00eats et 469\u00a0950 ha de terres chaque ann\u00e9e. Les statistiques du minist\u00e8re de l\u2019Environnement de l\u2019Economie verte et du Changement climatique (MEEVCC) indiquent \u00e9galement qu\u2019en 2002, les formations foresti\u00e8res naturelles du Burkina Faso (for\u00eat claire, for\u00eat-galerie, savane arbustive, savane arbor\u00e9e, steppes) couvraient 13 305 238 ha, soit 48,75 % du territoire national. Le domaine forestier compos\u00e9 de 77 aires class\u00e9es, dont 65 for\u00eats class\u00e9es connaissent malheureusement depuis quelques ann\u00e9es, une d\u00e9gradation continue. Entre 2002 et 2013, le pays a perdu plus de 24 870 km\u00b2 de for\u00eats, soit 9% de son territoire. Pour restaurer le couvert v\u00e9g\u00e9tal, plusieurs initiatives de reboisement et de gestion foresti\u00e8re avaient \u00e9t\u00e9 d\u00e9velopp\u00e9es sur l\u2019ensemble du territoire national. Il s\u2019agit notamment des trois luttes, des projets bois collectifs et familiaux, des projets 8000 villages, 8000 for\u00eats, les projets une \u00e9cole un bosquet\u00a0et un d\u00e9partement une for\u00eat. En moyenne, six millions de plants ont \u00e9t\u00e9 mis en terre sur une superficie estim\u00e9e \u00e0 10\u00a0000 ha \u00e0 travers le pays. Malheureusement, \u00e0 partir de la 2e ann\u00e9e apr\u00e8s le reboisement, le taux moyen de r\u00e9ussite n\u2019a pas d\u00e9pass\u00e9 25 %.<\/p>\n<p><strong>La tendance s\u2019inverse<\/strong><\/p>\n<p>Fort heureusement, la tendance est en train d\u2019\u00eatre invers\u00e9e depuis trois ans, avec la Journ\u00e9e nationale de l\u2019arbre (JNA) port\u00e9e par le Pr\u00e9sident du Faso, Roch Marc Christian Kabor\u00e9. La nouvelle philosophie imprim\u00e9e par le chef de l\u2019Etat vise \u00e0 susciter une mobilisation g\u00e9n\u00e9rale de toutes les couches socioprofessionnelles du pays pour la restauration des for\u00eats et des terres d\u00e9grad\u00e9es. De fa\u00e7on sp\u00e9cifique, il s\u2019agit de cr\u00e9er un engouement populaire pour la plantation, l\u2019entretien et la protection des plants mis en terre, de magnifier l\u2019arbre pour ses multiples fonctions et services socio\u00e9conomiques et culturels et de reconna\u00eetre et r\u00e9compenser les m\u00e9rites des acteurs intervenant dans le domaine de la pr\u00e9servation des ressources foresti\u00e8res.<\/p>\n<p>En d\u2019autres termes, la JNA permet une responsabilisation et un engagement plus \u00e9cologique et \u00e9cocitoyen de l\u2019ensemble des acteurs. Apr\u00e8s trois \u00e9ditions, la JNA commence \u00e0 porter des fruits. En effet, les chiffres du minist\u00e8re de l\u2019Environnement donnent un taux de r\u00e9ussite de 60% de plants mis en terre apr\u00e8s la 2e \u00e9dition. Toute chose qui am\u00e8ne \u00e0 croire que la prise de conscience de la n\u00e9cessit\u00e9 de restaurer de mani\u00e8re responsable le couvert v\u00e9g\u00e9tal par les Burkinab\u00e8 est d\u00e9sormais un acquis.<\/p>\n<p>L\u2019autre \u00e9quation concerne la poursuite de l\u2019initiative du pr\u00e9sident du Faso \u00e0 travers l\u2019entretien des plants. Il faut faire en sorte que la totalit\u00e9 des arbres plant\u00e9s soit suivie et entretenue apr\u00e8s le reboisement. Cela passe par le choix des esp\u00e8ces v\u00e9g\u00e9tales adapt\u00e9es lors du reboisement. A ce titre, l\u2019accent doit \u00eatre mis sur les arbres fruitiers notamment les Produits forestiers non ligneux (PFNL) \u00e0 cause de ses avantages nutritionnel et ombrag\u00e9. De plus, les sites rebois\u00e9s doivent \u00eatre s\u00e9curis\u00e9s pour \u00e9viter que les jeunes plants ne soient pas expos\u00e9s aux animaux. Il faut pr\u00e9voir par exemple, des grilles de protection pour chaque plant. A d\u00e9faut de cl\u00f4turer le site qui a servi de reboisement, des personnes pourraient \u00eatre responsabilis\u00e9es pour la surveillance des plants. C\u2019est en cela que des milliers d\u2019hectares de for\u00eats perdues pourront \u00eatre r\u00e9cup\u00e9r\u00e9s. Entretenons nos plants apr\u00e8s le reboisement.<\/p>\n<p style=\"text-align: right\"><strong> Pat\u00e9n\u00e9ma Oumar OUEDRAOGO <\/strong><\/p>\n<p style=\"text-align: right\"><strong>pathnema@gmail.com <\/strong><\/p>\n<p>L\u2019article <a rel=\"nofollow\" href=\"https:\/\/www.sidwaya.info\/blog\/2021\/09\/06\/actu-vert-entretenons-nos-plants\/\">Actu vert : Entretenons nos plants<\/a> est apparu en premier sur <a rel=\"nofollow\" href=\"https:\/\/www.sidwaya.info\/\">Quotidien Sidwaya<\/a>.<\/p>\n<\/div>\n<p>Auteur: BM. Sidwaya<br \/>\n<a href=\"https:\/\/www.sidwaya.info\/blog\/2021\/09\/06\/actu-vert-entretenons-nos-plants\/\">Cliquez ici pour lire l&rsquo;article depuis sa source.<\/a><\/p>\n","protected":false},"excerpt":{"rendered":"<p>La Journ\u00e9e nationale de l\u2019arbre (JNA), lanc\u00e9e par le Pr\u00e9sident du Faso, Roch Marc Christian Kabor\u00e9, depuis 2019 commence \u00e0 porter des fruits. Le taux de r\u00e9ussite des plants mis en terre a atteint 60% d\u00e8s la 2e \u00e9dition. L\u2019initiative doit se poursuivre en mettant l\u2019accent sur l\u2019entretien et la protection des plants. Le mois [&hellip;]<\/p>\n","protected":false},"author":1816,"featured_media":0,"comment_status":"closed","ping_status":"closed","sticky":false,"template":"","format":"standard","meta":{"fifu_image_url":"","fifu_image_alt":"","footnotes":""},"categories":[73,81],"tags":[],"class_list":["post-126254","post","type-post","status-publish","format-standard","hentry","category-actualite","category-burkina-faso"],"_links":{"self":[{"href":"https:\/\/linitiative.ca\/International\/wp-json\/wp\/v2\/posts\/126254","targetHints":{"allow":["GET"]}}],"collection":[{"href":"https:\/\/linitiative.ca\/International\/wp-json\/wp\/v2\/posts"}],"about":[{"href":"https:\/\/linitiative.ca\/International\/wp-json\/wp\/v2\/types\/post"}],"author":[{"embeddable":true,"href":"https:\/\/linitiative.ca\/International\/wp-json\/wp\/v2\/users\/1816"}],"replies":[{"embeddable":true,"href":"https:\/\/linitiative.ca\/International\/wp-json\/wp\/v2\/comments?post=126254"}],"version-history":[{"count":0,"href":"https:\/\/linitiative.ca\/International\/wp-json\/wp\/v2\/posts\/126254\/revisions"}],"wp:attachment":[{"href":"https:\/\/linitiative.ca\/International\/wp-json\/wp\/v2\/media?parent=126254"}],"wp:term":[{"taxonomy":"category","embeddable":true,"href":"https:\/\/linitiative.ca\/International\/wp-json\/wp\/v2\/categories?post=126254"},{"taxonomy":"post_tag","embeddable":true,"href":"https:\/\/linitiative.ca\/International\/wp-json\/wp\/v2\/tags?post=126254"}],"curies":[{"name":"wp","href":"https:\/\/api.w.org\/{rel}","templated":true}]}}