{"id":126256,"date":"2021-09-06T13:59:04","date_gmt":"2021-09-06T17:59:04","guid":{"rendered":"https:\/\/linitiative.ca\/International\/cameroun-des-nominations-du-president-paul-biya-dans-larmee-et-la-gendarmerie\/"},"modified":"2021-09-06T13:59:04","modified_gmt":"2021-09-06T17:59:04","slug":"cameroun-des-nominations-du-president-paul-biya-dans-larmee-et-la-gendarmerie","status":"publish","type":"post","link":"https:\/\/linitiative.ca\/International\/cameroun-des-nominations-du-president-paul-biya-dans-larmee-et-la-gendarmerie\/","title":{"rendered":"Cameroun : des nominations du pr\u00e9sident Paul Biya dans l\u2019arm\u00e9e et la gendarmerie"},"content":{"rendered":"<div>\n<p><img loading=\"lazy\" decoding=\"async\" width=\"750\" height=\"400\" src=\"https:\/\/linitiative.ca\/International\/wp-content\/uploads\/sites\/23\/2021\/09\/Triomphe-de-la-36e-promotion-de-lEmia-1.jpg\" class=\"attachment-post-thumbnail size-post-thumbnail wp-post-image\" alt=\"\" srcset=\"https:\/\/linitiative.ca\/International\/wp-content\/uploads\/sites\/23\/2021\/09\/Triomphe-de-la-36e-promotion-de-lEmia-1.jpg 750w, https:\/\/www.journalducameroun.com\/wp-content\/uploads\/2019\/01\/Triomphe-de-la-36e-promotion-de-lEmia-1-300x160.jpg 300w, https:\/\/www.journalducameroun.com\/wp-content\/uploads\/2019\/01\/Triomphe-de-la-36e-promotion-de-lEmia-1-600x320.jpg 600w\" sizes=\"auto, (max-width: 750px) 100vw, 750px\"><\/p>\n<h5 style=\"text-align: justify;\"><span style=\"font-size: 18pt;\">Le chef de l&rsquo;Etat, chef supr\u00eame des forces arm\u00e9es a proc\u00e9d\u00e9 ce 6 septembre 2021 \u00e0 la signature de quatre textes. A savoir deux d\u00e9crets nommant des responsables au minist\u00e8re de la D\u00e9fense et dans les postes diplomatiques du Cameroun \u00e0 l&rsquo;\u00e9tranger, et deux arr\u00eat\u00e9s promouvant\u00a0 des\u00a0personnels Officiers et civils des Forces de D\u00e9fense et de la gendarmerie nationale.\u00a0<\/span><\/h5>\n<p style=\"text-align: justify;\">\n<p style=\"text-align: justify;\">\n<p style=\"text-align: justify;\"><span style=\"font-size: 18pt;\">Consultez les d\u00e9crets et arr\u00eat\u00e9s du pr\u00e9sident de la R\u00e9publique en cliquant sur les liens ci-dessous :\u00a0<\/span><\/p>\n<p style=\"text-align: justify;\">\n<ul style=\"text-align: justify;\">\n<li><span style=\"font-size: 18pt;\"><a href=\"https:\/\/www.journalducameroun.com\/wp-content\/uploads\/2021\/09\/decret_n_2021_542_du_06_09_2021.pdf\">D\u00e9cret du pr\u00e9sident de la R\u00e9publique portant nomination de responsables dans une mission et un bureau militaires pr\u00e8s certains postes diplomatiques du Cameroun \u00e0 l\u2018\u00e9tranger<\/a><\/span><\/li>\n<\/ul>\n<p style=\"text-align: justify;\">\n<ul style=\"text-align: justify;\">\n<li><span style=\"font-size: 18pt;\"><a href=\"https:\/\/www.journalducameroun.com\/wp-content\/uploads\/2021\/09\/decret_n_2021_541_du_06_09_2021.pdf\">D\u00e9cret du pr\u00e9sident de la R\u00e9publique portant nomination de responsables au minist\u00e8re de la D\u00e9fense<\/a><\/span><\/li>\n<\/ul>\n<p style=\"text-align: justify;\">\n<ul style=\"text-align: justify;\">\n<li><span style=\"font-size: 18pt;\"><a href=\"https:\/\/www.journalducameroun.com\/wp-content\/uploads\/2021\/09\/arrete_n_0948_du_06_09_2021.pdf\">Arr\u00eat\u00e9s du pr\u00e9sident de la R\u00e9publique nommant les personnels Officiers et civils des Forces de D\u00e9fense<\/a><\/span><\/li>\n<\/ul>\n<p style=\"text-align: justify;\">\n<ul>\n<li style=\"text-align: justify;\"><span style=\"font-size: 18pt;\"><a href=\"https:\/\/www.journalducameroun.com\/wp-content\/uploads\/2021\/09\/arrete_n_0949_du_06_09_2021.pdf\">Arr\u00eat\u00e9s du pr\u00e9sident de la R\u00e9publique nommant les personnels Officiers a la Gendarmerie Nationales<\/a><\/span><\/li>\n<\/ul>\n<p>Cet article <a rel=\"nofollow\" href=\"https:\/\/www.journalducameroun.com\/cameroun-des-nominations-du-president-paul-biya-dans-larmee-et-la-gendarmerie-cameroun\/\">Cameroun : des nominations du pr\u00e9sident Paul Biya dans l\u2019arm\u00e9e et la gendarmerie<\/a> est apparu en premier sur <a rel=\"nofollow\" href=\"https:\/\/www.journalducameroun.com\/\">Journal du Cameroun<\/a>.<\/p>\n<\/div>\n<p>Auteur: Christian DJIMADEU<br \/>\n<a href=\"https:\/\/www.journalducameroun.com\/cameroun-des-nominations-du-president-paul-biya-dans-larmee-et-la-gendarmerie-cameroun\/\">Cliquez ici pour lire l&rsquo;article depuis sa source.<\/a><\/p>\n","protected":false},"excerpt":{"rendered":"<p>Le chef de l&rsquo;Etat, chef supr\u00eame des forces arm\u00e9es a proc\u00e9d\u00e9 ce 6 septembre 2021 \u00e0 la signature de quatre textes. A savoir deux d\u00e9crets nommant des responsables au minist\u00e8re de la D\u00e9fense et dans les postes diplomatiques du Cameroun \u00e0 l&rsquo;\u00e9tranger, et deux arr\u00eat\u00e9s promouvant\u00a0 des\u00a0personnels Officiers et civils des Forces de D\u00e9fense et [&hellip;]<\/p>\n","protected":false},"author":1965,"featured_media":0,"comment_status":"closed","ping_status":"closed","sticky":false,"template":"","format":"standard","meta":{"fifu_image_url":"https:\/\/www.journalducameroun.com\/wp-content\/uploads\/2019\/01\/Triomphe-de-la-36e-promotion-de-lEmia-1.jpg","fifu_image_alt":"Cameroun : des nominations du pr\u00e9sident Paul Biya dans l\u2019arm\u00e9e et la gendarmerie","footnotes":""},"categories":[73,82],"tags":[],"class_list":["post-126256","post","type-post","status-publish","format-standard","hentry","category-actualite","category-cameroun"],"_links":{"self":[{"href":"https:\/\/linitiative.ca\/International\/wp-json\/wp\/v2\/posts\/126256","targetHints":{"allow":["GET"]}}],"collection":[{"href":"https:\/\/linitiative.ca\/International\/wp-json\/wp\/v2\/posts"}],"about":[{"href":"https:\/\/linitiative.ca\/International\/wp-json\/wp\/v2\/types\/post"}],"author":[{"embeddable":true,"href":"https:\/\/linitiative.ca\/International\/wp-json\/wp\/v2\/users\/1965"}],"replies":[{"embeddable":true,"href":"https:\/\/linitiative.ca\/International\/wp-json\/wp\/v2\/comments?post=126256"}],"version-history":[{"count":0,"href":"https:\/\/linitiative.ca\/International\/wp-json\/wp\/v2\/posts\/126256\/revisions"}],"wp:attachment":[{"href":"https:\/\/linitiative.ca\/International\/wp-json\/wp\/v2\/media?parent=126256"}],"wp:term":[{"taxonomy":"category","embeddable":true,"href":"https:\/\/linitiative.ca\/International\/wp-json\/wp\/v2\/categories?post=126256"},{"taxonomy":"post_tag","embeddable":true,"href":"https:\/\/linitiative.ca\/International\/wp-json\/wp\/v2\/tags?post=126256"}],"curies":[{"name":"wp","href":"https:\/\/api.w.org\/{rel}","templated":true}]}}