{"id":126257,"date":"2021-09-06T17:13:34","date_gmt":"2021-09-06T21:13:34","guid":{"rendered":"https:\/\/linitiative.ca\/International\/protection-des-donnees-a-caractere-personnel\/"},"modified":"2021-09-06T17:13:34","modified_gmt":"2021-09-06T21:13:34","slug":"protection-des-donnees-a-caractere-personnel","status":"publish","type":"post","link":"https:\/\/linitiative.ca\/International\/protection-des-donnees-a-caractere-personnel\/","title":{"rendered":"Protection des donn\u00e9es \u00e0 caract\u00e8re personnel"},"content":{"rendered":"<div>\n<p><strong>La Commission de l\u2019informatique et des libert\u00e9s (CIL) a anim\u00e9, le lundi 6 septembre 2021 \u00e0 Ouagadougou, une conf\u00e9rence de presse sur la loi portant protection des donn\u00e9es \u00e0 caract\u00e8re personnel.<\/strong><\/p>\n<p>La Commission de l\u2019informatique et des libert\u00e9s (CIL) multiplie ses efforts pour un changement significatif de comportements face aux aspects n\u00e9fastes des technologies de l\u2019information et de la communication sur les donn\u00e9es personnelles et la vie priv\u00e9e des Burkinab\u00e8. Dans ce sens, l\u2019institution a anim\u00e9 un point de presse, le lundi 6 septembre 2021 \u00e0 Ouagadougou, sur la nouvelle loi portant protection des donn\u00e9es \u00e0 caract\u00e8re personnel. Selon la pr\u00e9sidente de la CIL, Marguerite Ou\u00e9draogo, la nouvelle loi adopt\u00e9e le 30 mars 2021 \u00e0 l\u2019Assembl\u00e9e nationale a suivi un processus participatif. Ce qui a permis d\u2019introduire des innovations. A ce propos, la pr\u00e9sidente de la CIL a cit\u00e9, entre autres, la cons\u00e9cration de nouveaux droits au profit des personnes concern\u00e9es, un meilleur encadrement des transferts des donn\u00e9es \u00e0 l\u2019\u00e9tranger et des donn\u00e9es de sant\u00e9.<\/p>\n<p>Aux dires de la pr\u00e9sidente de la CIL, la nouvelle disposition a revu \u00e0 la hausse les montants des amendes forfaitaires et garantit un meilleur ancrage de son institution. Au regard de l\u2019importance de la protection des donn\u00e9es, la CIL invite l\u2019ensemble des responsables de traitements publics et priv\u00e9s \u00e0 se conformer au nouveau arsenal juridique. Pour sa part, a soutenu la pr\u00e9sidente, la commission entend renforcer ses campagnes de sensibilisation pour une meilleure protection des donn\u00e9es personnelles au Burkina. De son avis, la CIL re\u00e7oit des cas de plaintes relatifs \u00e0 la violation des droits des personnes, dont environ 855 plaintes trait\u00e9es en 2020. \u00ab La plupart du temps, les plaintes sont li\u00e9es \u00e0 leurs activit\u00e9s sur internet et les r\u00e9seaux sociaux \u00bb, a-t-elle pr\u00e9cis\u00e9. En r\u00e9ponses aux questions des journalistes, la pr\u00e9sidente de la CIL a indiqu\u00e9 que l\u2019un des d\u00e9fis majeurs de son organisation est la r\u00e9glementation de l\u2019usage des cam\u00e9ras de surveillance. \u00ab L\u2019installation de ce dispositif doit \u00eatre d\u00e9clar\u00e9e aupr\u00e8s de la CIL.<\/p>\n<p>Malheureusement, le constat est que le recours \u00e0 ce dispositif cro\u00eet, mais les pr\u00e9alables pour son installation ne sont pas toujours respect\u00e9s, violant ainsi les dispositions de la loi \u00bb, a-t-elle d\u00e9plor\u00e9. Puis de pr\u00e9venir que les contrevenants s\u2019exposent \u00e0 des amendes allant de 5 \u00e0 100 millions F CFA. Concernant les donn\u00e9es de sant\u00e9, la pr\u00e9sidente de la CIL a reconnu qu\u2019elles sont sensibles au point qu\u2019il serait risqu\u00e9 de les abandonner dans les mains des personnes de moralit\u00e9s douteuses. \u00ab Nous avons beaucoup travaill\u00e9 avec le minist\u00e8re de la Sant\u00e9 dans le but d\u2019un meilleur traitement de ces donn\u00e9es \u00bb, a rassur\u00e9 la responsable de la CIL.<\/p>\n<p style=\"text-align: right\"><strong>Abdoulaye BALBONE <\/strong><\/p>\n<p>L\u2019article <a rel=\"nofollow\" href=\"https:\/\/www.sidwaya.info\/blog\/2021\/09\/06\/protection-des-donnees-a-caractere-personnel-2\/\">Protection des donn\u00e9es \u00e0 caract\u00e8re personnel<\/a> est apparu en premier sur <a rel=\"nofollow\" href=\"https:\/\/www.sidwaya.info\/\">Quotidien Sidwaya<\/a>.<\/p>\n<\/div>\n<p>Auteur: BM. Sidwaya<br \/>\n<a href=\"https:\/\/www.sidwaya.info\/blog\/2021\/09\/06\/protection-des-donnees-a-caractere-personnel-2\/\">Cliquez ici pour lire l&rsquo;article depuis sa source.<\/a><\/p>\n","protected":false},"excerpt":{"rendered":"<p>La Commission de l\u2019informatique et des libert\u00e9s (CIL) a anim\u00e9, le lundi 6 septembre 2021 \u00e0 Ouagadougou, une conf\u00e9rence de presse sur la loi portant protection des donn\u00e9es \u00e0 caract\u00e8re personnel. La Commission de l\u2019informatique et des libert\u00e9s (CIL) multiplie ses efforts pour un changement significatif de comportements face aux aspects n\u00e9fastes des technologies de [&hellip;]<\/p>\n","protected":false},"author":1816,"featured_media":0,"comment_status":"closed","ping_status":"closed","sticky":false,"template":"","format":"standard","meta":{"fifu_image_url":"","fifu_image_alt":"","footnotes":""},"categories":[73,81],"tags":[],"class_list":["post-126257","post","type-post","status-publish","format-standard","hentry","category-actualite","category-burkina-faso"],"_links":{"self":[{"href":"https:\/\/linitiative.ca\/International\/wp-json\/wp\/v2\/posts\/126257","targetHints":{"allow":["GET"]}}],"collection":[{"href":"https:\/\/linitiative.ca\/International\/wp-json\/wp\/v2\/posts"}],"about":[{"href":"https:\/\/linitiative.ca\/International\/wp-json\/wp\/v2\/types\/post"}],"author":[{"embeddable":true,"href":"https:\/\/linitiative.ca\/International\/wp-json\/wp\/v2\/users\/1816"}],"replies":[{"embeddable":true,"href":"https:\/\/linitiative.ca\/International\/wp-json\/wp\/v2\/comments?post=126257"}],"version-history":[{"count":0,"href":"https:\/\/linitiative.ca\/International\/wp-json\/wp\/v2\/posts\/126257\/revisions"}],"wp:attachment":[{"href":"https:\/\/linitiative.ca\/International\/wp-json\/wp\/v2\/media?parent=126257"}],"wp:term":[{"taxonomy":"category","embeddable":true,"href":"https:\/\/linitiative.ca\/International\/wp-json\/wp\/v2\/categories?post=126257"},{"taxonomy":"post_tag","embeddable":true,"href":"https:\/\/linitiative.ca\/International\/wp-json\/wp\/v2\/tags?post=126257"}],"curies":[{"name":"wp","href":"https:\/\/api.w.org\/{rel}","templated":true}]}}