{"id":126261,"date":"2021-09-06T10:01:27","date_gmt":"2021-09-06T14:01:27","guid":{"rendered":"https:\/\/linitiative.ca\/International\/filiere-pommes-de-terre-vers-une-structuration-du-secteur\/"},"modified":"2021-09-06T10:01:27","modified_gmt":"2021-09-06T14:01:27","slug":"filiere-pommes-de-terre-vers-une-structuration-du-secteur","status":"publish","type":"post","link":"https:\/\/linitiative.ca\/International\/filiere-pommes-de-terre-vers-une-structuration-du-secteur\/","title":{"rendered":"Fili\u00e8re pommes de terre : vers une structuration du secteur"},"content":{"rendered":"<div>\n<p>Le constat est criard, il n\u2019existe pas des donn\u00e9es fiables dans la fili\u00e8re pomme de terre. Cet \u00e9tat des lieux est pr\u00e9judiciable au secteur. C\u2019est \u00e0 cet effet que, plus de 30 acteurs cl\u00e9s de la chaine de valeur de pomme de terre se sont r\u00e9unis \u00e0 Bafoussam du 24 au 26 ao\u00fbt 2021, pour constituer les bases d\u2019une plateforme fonctionnelle qui permettra de transformer le sous-secteur de cette fili\u00e8re. Au cours de cette rencontre, les participants du Cameroun, minist\u00e8re de l\u2019Agriculture et du D\u00e9veloppement Rural (Minader) et Projet Centres d\u2019Innovations Vertes pour le Secteur Agro-alimentaire (ProCISA) ont identifi\u00e9 la cr\u00e9ation d\u2019une plateforme multi acteurs (PMA) comme l\u2019une de ses prioritaires majeures. \u00abUne initiative valid\u00e9e par les acteurs cl\u00e9s de la fili\u00e8re au Cameroun au cours d\u2019un atelier en novembre 2019 et un taskforce a \u00e9t\u00e9 cr\u00e9\u00e9 constituer des acteurs cl\u00e9s comme semenciers, autorit\u00e9s du Minader, GIZ, Centre de formation allemand (AHA) et les commer\u00e7antes \u00bb, note le bureau de r\u00e9gional Cameroun de la Deutsche Gesellschaft f\u00fcr Internationale Zusammenarbeit (giz).<\/p>\n<p><strong>Lire aussi<\/strong> : <strong><a href=\"https:\/\/ecomatin.net\/agriculture-le-gouvernement-veut-booster-les-cultures-vivrieres-a-cycle-court\/\">Agriculture : le gouvernement veut booster les cultures vivri\u00e8res \u00e0 cycle court<\/a><\/strong><\/p>\n<p>Avec l\u2019appui du centre de formation allemand Andreas Hermes Akademie (AHA), les participants ont d\u00e9fini la vision, les objectifs, et la structure de pilotage de la plateforme multi acteurs. La rencontre a permis aux diff\u00e9rents acteurs d\u2019appr\u00e9cier les diff\u00e9rents stades d\u2019\u00e9volution de la mise en place d\u2019une PMA bas\u00e9e sur l\u2019exemple du Kenya o\u00f9 il existe une plateforme active appel\u00e9e \u00ab the National Potato Council of Kenya\u00bb.<\/p>\n<p><strong>Lire aussi<\/strong> : <strong><a href=\"https:\/\/ecomatin.net\/agriculture-la-campagne-agricole-2019-est-sur-les-rails\/\">Agriculture: la campagne agricole 2019 est sur les rails<\/a><\/strong><\/p>\n<p>La PMA pour la fili\u00e8re pomme de terre sera le forum pour l\u2019engagement, le plaidoyer, la recherche de solutions et la gestion de l\u2019information dans le but de transformer la cha\u00eene de valeur pomme de terre au Cameroun. Cette plateforme va assurer la d\u00e9fense des int\u00e9r\u00eats des membres, la mise \u00e0 disposition des donn\u00e9es statistiques fiables, la coordination et une bonne coop\u00e9ration entre les acteurs ainsi que l\u2019organisation structurelle de la fili\u00e8re pomme de terre. Aux termes des \u00e9changes, les partenaires ont d\u00e9velopp\u00e9 un calendrier annuel des activit\u00e9s pour 2021 \u00e0 2022 qui servira de feuille de route pour la plateforme.<\/p>\n<p><strong>Lire aussi<\/strong> : <strong><a href=\"https:\/\/ecomatin.net\/45-programmes-agropoles-crees-au-cours-des-cinq-dernieres-annees-au-cameroun\/\">Agriculture: o\u00f9 en est-on des programmes agropoles?<\/a><\/strong><\/p>\n<p>L\u2019article <a rel=\"nofollow\" href=\"https:\/\/ecomatin.net\/filiere-pommes-de-terre-vers-une-structuration-du-secteur\/\">Fili\u00e8re pommes de terre : vers une structuration du secteur<\/a> est apparu en premier sur <a rel=\"nofollow\" href=\"https:\/\/ecomatin.net\/\">EcoMatin<\/a>.<\/p>\n<\/div>\n<p>Auteur: Amina MALLOUM<br \/>\n<a href=\"https:\/\/ecomatin.net\/filiere-pommes-de-terre-vers-une-structuration-du-secteur\/\">Cliquez ici pour lire l&rsquo;article depuis sa source.<\/a><\/p>\n","protected":false},"excerpt":{"rendered":"<p>Le constat est criard, il n\u2019existe pas des donn\u00e9es fiables dans la fili\u00e8re pomme de terre. Cet \u00e9tat des lieux est pr\u00e9judiciable au secteur. C\u2019est \u00e0 cet effet que, plus de 30 acteurs cl\u00e9s de la chaine de valeur de pomme de terre se sont r\u00e9unis \u00e0 Bafoussam du 24 au 26 ao\u00fbt 2021, pour [&hellip;]<\/p>\n","protected":false},"author":1969,"featured_media":0,"comment_status":"closed","ping_status":"closed","sticky":false,"template":"","format":"standard","meta":{"fifu_image_url":"","fifu_image_alt":"","footnotes":""},"categories":[82,78],"tags":[],"class_list":["post-126261","post","type-post","status-publish","format-standard","hentry","category-cameroun","category-economie"],"_links":{"self":[{"href":"https:\/\/linitiative.ca\/International\/wp-json\/wp\/v2\/posts\/126261","targetHints":{"allow":["GET"]}}],"collection":[{"href":"https:\/\/linitiative.ca\/International\/wp-json\/wp\/v2\/posts"}],"about":[{"href":"https:\/\/linitiative.ca\/International\/wp-json\/wp\/v2\/types\/post"}],"author":[{"embeddable":true,"href":"https:\/\/linitiative.ca\/International\/wp-json\/wp\/v2\/users\/1969"}],"replies":[{"embeddable":true,"href":"https:\/\/linitiative.ca\/International\/wp-json\/wp\/v2\/comments?post=126261"}],"version-history":[{"count":0,"href":"https:\/\/linitiative.ca\/International\/wp-json\/wp\/v2\/posts\/126261\/revisions"}],"wp:attachment":[{"href":"https:\/\/linitiative.ca\/International\/wp-json\/wp\/v2\/media?parent=126261"}],"wp:term":[{"taxonomy":"category","embeddable":true,"href":"https:\/\/linitiative.ca\/International\/wp-json\/wp\/v2\/categories?post=126261"},{"taxonomy":"post_tag","embeddable":true,"href":"https:\/\/linitiative.ca\/International\/wp-json\/wp\/v2\/tags?post=126261"}],"curies":[{"name":"wp","href":"https:\/\/api.w.org\/{rel}","templated":true}]}}