{"id":126265,"date":"2021-09-06T15:18:02","date_gmt":"2021-09-06T19:18:02","guid":{"rendered":"https:\/\/linitiative.ca\/International\/gambie-presidentielle-la-cedeao-anticipe-sur-les-conflits-electoraux\/"},"modified":"2021-09-06T15:18:02","modified_gmt":"2021-09-06T19:18:02","slug":"gambie-presidentielle-la-cedeao-anticipe-sur-les-conflits-electoraux","status":"publish","type":"post","link":"https:\/\/linitiative.ca\/International\/gambie-presidentielle-la-cedeao-anticipe-sur-les-conflits-electoraux\/","title":{"rendered":"Gambie\/Pr\u00e9sidentielle : la CEDEAO anticipe sur les conflits \u00e9lectoraux"},"content":{"rendered":"<div>\n<p><img loading=\"lazy\" decoding=\"async\" width=\"250\" height=\"200\" src=\"https:\/\/linitiative.ca\/International\/wp-content\/uploads\/sites\/23\/2021\/09\/16309558827154.jpg\" class=\"attachment-post-thumbnail size-post-thumbnail wp-post-image\" alt=\"\"><\/p>\n<p>La Commission de la Communaut\u00e9 \u00e9conomique des Etats de l&rsquo;Afrique de l&rsquo;Ouest (CEDEAO) annonce des consultations pour pacifier l&rsquo;espace politique gambien avant la pr\u00e9sidentielle du 4 d\u00e9cembre 2021.Pr\u00e9vues \u00e0 Base et \u00e0 Banjul entre le 6 et le 16 septembre, ces rencontres sont facilit\u00e9es par la Direction des affaires politiques, de la paix et de la s\u00e9curit\u00e9 avec le soutien de l&rsquo;Agence danoise de d\u00e9veloppement international (DANIDA) \u00e0 travers son Programme africain de paix.<\/p>\n<p>Selon l&rsquo;institution sous-r\u00e9gionale, les engagements politiques qui s&rsquo;appuient sur les efforts pr\u00e9c\u00e9dents de la CEDEAO en faveur d&rsquo;\u00e9lections pacifiques en 2021, sont destin\u00e9s \u00e0 renforcer la capacit\u00e9 des principales parties prenantes \u00e0 pr\u00e9venir et \u00e0 att\u00e9nuer les diff\u00e9rends potentiels pr\u00e9 et post-\u00e9lectoraux, tout en assurant des r\u00e9sultats \u00e9lectoraux pacifiques.<\/p>\n<p>Les participants sont sensibilis\u00e9s aux instruments de diplomatie pr\u00e9ventive et de m\u00e9diation de la CEDEAO, y compris le r\u00f4le critique que le Conseil des Sages (CoW, sigle anglais) r\u00e9cemment reconstitu\u00e9 joue dans le processus.<\/p>\n<p>Les participants sont issus des rangs du Comit\u00e9 interpartis (IPC), des chefs traditionnels et religieux, des organisations de la soci\u00e9t\u00e9 civile concern\u00e9es, du Groupe de travail sur la justice transitionnelle (TJWG), de TANGO, du Conseil national pour l&rsquo;\u00e9ducation civique (NNCE), du R\u00e9seau ouest-africain pour la consolidation de la paix (WANEP). Ils sont aussi issus du Conseil national de la jeunesse (NYC), d&rsquo;autorit\u00e9s locales et de dirigeants communautaires. Sont \u00e9galement pr\u00e9sents des repr\u00e9sentants des plateformes gouvernementales impliqu\u00e9es dans le dialogue et la m\u00e9diation et de la Commission \u00e9lectorale ind\u00e9pendante (CEI).<\/p>\n<p>Cet article <a rel=\"nofollow\" href=\"https:\/\/www.journalducameroun.com\/gambie-presidentielle-la-cedeao-anticipe-sur-les-conflits-electoraux\/\">Gambie\/Pr\u00e9sidentielle : la CEDEAO anticipe sur les conflits \u00e9lectoraux<\/a> est apparu en premier sur <a rel=\"nofollow\" href=\"https:\/\/www.journalducameroun.com\/\">Journal du Cameroun<\/a>.<\/p>\n<\/div>\n<p>Auteur: APA News<br \/>\n<a href=\"https:\/\/www.journalducameroun.com\/gambie-presidentielle-la-cedeao-anticipe-sur-les-conflits-electoraux\/\">Cliquez ici pour lire l&rsquo;article depuis sa source.<\/a><\/p>\n","protected":false},"excerpt":{"rendered":"<p>La Commission de la Communaut\u00e9 \u00e9conomique des Etats de l&rsquo;Afrique de l&rsquo;Ouest (CEDEAO) annonce des consultations pour pacifier l&rsquo;espace politique gambien avant la pr\u00e9sidentielle du 4 d\u00e9cembre 2021.Pr\u00e9vues \u00e0 Base et \u00e0 Banjul entre le 6 et le 16 septembre, ces rencontres sont facilit\u00e9es par la Direction des affaires politiques, de la paix et de [&hellip;]<\/p>\n","protected":false},"author":1965,"featured_media":0,"comment_status":"closed","ping_status":"closed","sticky":false,"template":"","format":"standard","meta":{"fifu_image_url":"https:\/\/www.journalducameroun.com\/wp-content\/uploads\/2021\/09\/16309558827154.jpg","fifu_image_alt":"Gambie\/Pr\u00e9sidentielle : la CEDEAO anticipe sur les conflits \u00e9lectoraux","footnotes":""},"categories":[73,82],"tags":[],"class_list":["post-126265","post","type-post","status-publish","format-standard","hentry","category-actualite","category-cameroun"],"_links":{"self":[{"href":"https:\/\/linitiative.ca\/International\/wp-json\/wp\/v2\/posts\/126265","targetHints":{"allow":["GET"]}}],"collection":[{"href":"https:\/\/linitiative.ca\/International\/wp-json\/wp\/v2\/posts"}],"about":[{"href":"https:\/\/linitiative.ca\/International\/wp-json\/wp\/v2\/types\/post"}],"author":[{"embeddable":true,"href":"https:\/\/linitiative.ca\/International\/wp-json\/wp\/v2\/users\/1965"}],"replies":[{"embeddable":true,"href":"https:\/\/linitiative.ca\/International\/wp-json\/wp\/v2\/comments?post=126265"}],"version-history":[{"count":0,"href":"https:\/\/linitiative.ca\/International\/wp-json\/wp\/v2\/posts\/126265\/revisions"}],"wp:attachment":[{"href":"https:\/\/linitiative.ca\/International\/wp-json\/wp\/v2\/media?parent=126265"}],"wp:term":[{"taxonomy":"category","embeddable":true,"href":"https:\/\/linitiative.ca\/International\/wp-json\/wp\/v2\/categories?post=126265"},{"taxonomy":"post_tag","embeddable":true,"href":"https:\/\/linitiative.ca\/International\/wp-json\/wp\/v2\/tags?post=126265"}],"curies":[{"name":"wp","href":"https:\/\/api.w.org\/{rel}","templated":true}]}}