{"id":126267,"date":"2021-09-06T14:00:00","date_gmt":"2021-09-06T18:00:00","guid":{"rendered":"https:\/\/linitiative.ca\/International\/plus-de-200-revues-medicales-mondiales-appellent-a-une-action-urgente\/"},"modified":"2021-09-06T14:00:00","modified_gmt":"2021-09-06T18:00:00","slug":"plus-de-200-revues-medicales-mondiales-appellent-a-une-action-urgente","status":"publish","type":"post","link":"https:\/\/linitiative.ca\/International\/plus-de-200-revues-medicales-mondiales-appellent-a-une-action-urgente\/","title":{"rendered":"Plus de 200 revues m\u00e9dicales mondiales appellent \u00e0 une action urgente"},"content":{"rendered":"<div>\n<p class=\"has-text-align-center has-vivid-red-color has-text-color\"><strong>Face \u00e0 la crise climatique<\/strong><\/p>\n<p class=\"has-text-align-left has-black-color has-text-color\"><strong>Plus de 200 revues m\u00e9dicales \u00e0 travers le monde ont appel\u00e9 \u00e0 une action urgente face \u00e0 la crise climatique et demand\u00e9 \u00e0 ce que le changement climatique, qui nuit gravement \u00e0 la sant\u00e9, mobilise autant d\u2019argent que la pand\u00e9mie.<\/strong><\/p>\n<p class=\"has-text-align-left has-black-color has-text-color\">\u00ab\u00a0La pand\u00e9mie ne saurait \u00eatre un pr\u00e9texte pour diff\u00e9rer la lutte contre le d\u00e9r\u00e8glement climatique\u00a0\u00bb, ont plaid\u00e9, dans une tribune commune, ces revues m\u00e9dicales parmi lesquelles figurent The Lancet, le British Medical Journal, la Revista de Saude Publica du Br\u00e9sil ou encore le National Medical Journal of India.<br \/>Elles ont appel\u00e9 \u00e0 une prise de conscience et \u00e0 une action sans pr\u00e9c\u00e9dent contre le ph\u00e9nom\u00e8ne d\u2019augmentation des temp\u00e9ratures.<\/p>\n<p class=\"has-text-align-left has-black-color has-text-color\">\u00ab\u00a0La sant\u00e9 est d\u00e9j\u00e0 mise \u00e0 mal par l\u2019augmentation de la temp\u00e9rature mondiale et la destruction du monde naturel, une situation sur laquelle les professionnels de la sant\u00e9 attirent l\u2019attention depuis des d\u00e9cennies\u00a0\u00bb. donnant plusieurs traductions concr\u00e8tes chez l\u2019homme : d\u00e9shydratation, probl\u00e8mes r\u00e9naux, tumeurs, infections tropicales, allergies, morbidit\u00e9s\u2026, alertent les r\u00e9dacteurs en chef de ces revues m\u00e9dicales.<\/p>\n<p class=\"has-text-align-left has-black-color has-text-color\">\u00ab\u00a0Malgr\u00e9 la pr\u00e9occupation n\u00e9cessaire du monde pour le Covid-19, nous ne pouvons pas attendre que la pand\u00e9mie passe pour r\u00e9duire rapidement les \u00e9missions\u00a0\u00bb, poursuit la tribune relay\u00e9e par plusieurs m\u00e9dias en France, alors que la plupart des plans de relance de l\u2019\u00e9conomie post-Covid ont \u00e9t\u00e9 jug\u00e9s pas assez verts et trop d\u00e9pendants des \u00e9nergies fossiles.<\/p>\n<p class=\"has-text-align-left has-black-color has-text-color\">Tout en reconnaissant des signaux positifs dans les objectifs fix\u00e9s, dans le cadre de l\u2019accord de Paris, pour r\u00e9duire l\u2019augmentation de la temp\u00e9rature mondiale d\u2019ici \u00e0 la fin du si\u00e8cle, les signataires de la tribune estiment que \u00ab\u00a0ces promesses ne suffisent pas\u00a0\u00bb, r\u00e9clamant notamment des \u00ab\u00a0plans cr\u00e9dibles \u00e0 court et \u00e0 long terme pour acc\u00e9l\u00e9rer les technologies plus propres et transformer les soci\u00e9t\u00e9s\u00a0\u00bb et \u00e0 ce que les financements pour prot\u00e9ger la plan\u00e8te soient \u00e9quivalents aux sommes \u00ab\u00a0sans pr\u00e9c\u00e9dent\u00a0\u00bb qui ont \u00e9t\u00e9 inject\u00e9es pour faire face \u00e0 la pand\u00e9mie.<\/p>\n<p class=\"has-text-align-left has-black-color has-text-color\">\u00ab\u00a0La crise environnementale exige une r\u00e9ponse d\u2019urgence similaire. Des investissements \u00e9normes seront n\u00e9cessaires, au-del\u00e0 de ce qui est envisag\u00e9 n\u2019importe o\u00f9 dans le monde. Mais de tels investissements produiront d\u2019\u00e9normes r\u00e9sultats positifs pour la sant\u00e9 et l\u2019\u00e9conomie\u00a0\u00bb, poursuivent les r\u00e9dacteurs en chef, pointant une r\u00e9duction de la pollution de l\u2019air ou une meilleure alimentation.<\/p>\n<p class=\"has-text-align-left has-black-color has-text-color\">\u00ab\u00a0En tant qu\u2019\u00e9diteurs de revues de sant\u00e9, appelons les gouvernements et autres dirigeants \u00e0 agir, marquant 2021 comme l\u2019ann\u00e9e o\u00f9 le monde change enfin de cap\u00a0\u00bb, plaident les signataires de cette tribune pour qui \u00ab\u00a0la plus grande menace pour la sant\u00e9 publique mondiale est l\u2019\u00e9chec continu des dirigeants mondiaux \u00e0 maintenir l\u2019augmentation de la temp\u00e9rature mondiale en dessous de 1,5 \u00b0 C et \u00e0 restaurer la nature.\u00a0\u00bb<\/p>\n<p class=\"has-text-align-left has-black-color has-text-color\">Cette tribune mondiale est publi\u00e9e alors que se tient du 3 au 11 septembre \u00e0 Marseille le Congr\u00e8s mondial de la nature de l\u2019Union internationale pour la conservation de la nature (UICN), qui est l\u2019un des premiers \u00e9v\u00e8nements de grande ampleur sur l\u2019environnement depuis le d\u00e9but de la pand\u00e9mie de Covid-19, avant la COP15 de la Convention sur la diversit\u00e9 biologique, \u00e0 Kunming (Chine) et la COP26 sur le changement climatique \u00e0 Glasgow (Ecosse).<\/p>\n<p>L\u2019article <a rel=\"nofollow\" href=\"http:\/\/albayane.press.ma\/plus-de-200-revues-medicales-mondiales-appellent-a-une-action-urgente.html\">Plus de 200 revues m\u00e9dicales mondiales appellent \u00e0 une action urgente<\/a> est apparu en premier sur <a rel=\"nofollow\" href=\"http:\/\/albayane.press.ma\/\">ALBAYANE<\/a>.<\/p>\n<\/div>\n<p>Auteur: M&rsquo;hammed rahal<br \/>\n<a href=\"http:\/\/albayane.press.ma\/plus-de-200-revues-medicales-mondiales-appellent-a-une-action-urgente.html\">Cliquez ici pour lire l&rsquo;article depuis sa source.<\/a><\/p>\n","protected":false},"excerpt":{"rendered":"<p>Face \u00e0 la crise climatique Plus de 200 revues m\u00e9dicales \u00e0 travers le monde ont appel\u00e9 \u00e0 une action urgente face \u00e0 la crise climatique et demand\u00e9 \u00e0 ce que le changement climatique, qui nuit gravement \u00e0 la sant\u00e9, mobilise autant d\u2019argent que la pand\u00e9mie. \u00ab\u00a0La pand\u00e9mie ne saurait \u00eatre un pr\u00e9texte pour diff\u00e9rer la [&hellip;]<\/p>\n","protected":false},"author":1760,"featured_media":0,"comment_status":"closed","ping_status":"closed","sticky":false,"template":"","format":"standard","meta":{"fifu_image_url":"","fifu_image_alt":"","footnotes":""},"categories":[73,54],"tags":[],"class_list":["post-126267","post","type-post","status-publish","format-standard","hentry","category-actualite","category-maroc"],"_links":{"self":[{"href":"https:\/\/linitiative.ca\/International\/wp-json\/wp\/v2\/posts\/126267","targetHints":{"allow":["GET"]}}],"collection":[{"href":"https:\/\/linitiative.ca\/International\/wp-json\/wp\/v2\/posts"}],"about":[{"href":"https:\/\/linitiative.ca\/International\/wp-json\/wp\/v2\/types\/post"}],"author":[{"embeddable":true,"href":"https:\/\/linitiative.ca\/International\/wp-json\/wp\/v2\/users\/1760"}],"replies":[{"embeddable":true,"href":"https:\/\/linitiative.ca\/International\/wp-json\/wp\/v2\/comments?post=126267"}],"version-history":[{"count":0,"href":"https:\/\/linitiative.ca\/International\/wp-json\/wp\/v2\/posts\/126267\/revisions"}],"wp:attachment":[{"href":"https:\/\/linitiative.ca\/International\/wp-json\/wp\/v2\/media?parent=126267"}],"wp:term":[{"taxonomy":"category","embeddable":true,"href":"https:\/\/linitiative.ca\/International\/wp-json\/wp\/v2\/categories?post=126267"},{"taxonomy":"post_tag","embeddable":true,"href":"https:\/\/linitiative.ca\/International\/wp-json\/wp\/v2\/tags?post=126267"}],"curies":[{"name":"wp","href":"https:\/\/api.w.org\/{rel}","templated":true}]}}