{"id":126268,"date":"2021-09-06T14:00:00","date_gmt":"2021-09-06T18:00:00","guid":{"rendered":"https:\/\/linitiative.ca\/International\/appel-pour-la-raison-et-la-dignite-pour-un-maroc-meilleur\/"},"modified":"2021-09-06T14:00:00","modified_gmt":"2021-09-06T18:00:00","slug":"appel-pour-la-raison-et-la-dignite-pour-un-maroc-meilleur","status":"publish","type":"post","link":"https:\/\/linitiative.ca\/International\/appel-pour-la-raison-et-la-dignite-pour-un-maroc-meilleur\/","title":{"rendered":"\u00ab Appel pour la raison\u2026 et la dignit\u00e9 pour un Maroc meilleur \u00bb"},"content":{"rendered":"<div>\n<p class=\"has-text-align-center has-vivid-red-color has-text-color\"><strong>Secteur de l\u2019enseignement sup\u00e9rieur et de la recherche scientifique du PPS<\/strong><\/p>\n<p class=\"has-text-align-right has-black-color has-text-color\"><strong>Khalid Darfaf<\/strong><\/p>\n<p class=\"has-black-color has-text-color\"><strong>La participation aux \u00e9lections, demeure un m\u00e9canisme constitutionnel s\u00fbr pour changer la r\u00e9alit\u00e9 sociale, souligne le\u00a0 Secteur de l\u2019enseignement sup\u00e9rieur et de la recherche scientifique du Parti du progr\u00e8s et du socialisme (PPS) dans son plaidoyer intitul\u00e9 \u00ab Appel pour la raison\u2026 et la dignit\u00e9\u2026 pour un Maroc meilleur\u00bb.<\/strong><\/p>\n<p class=\"has-black-color has-text-color\">Il est connu que dans l\u2019histoire militante du Maroc et particuli\u00e8rement celle du PPS que le corps du syst\u00e8me \u00e9ducatif a toujours jou\u00e9 un r\u00f4le capital dans la bataille du changement, d\u2019o\u00f9 la n\u00e9cessit\u00e9 de son implication de mani\u00e8re forte dans le processus \u00e9lectorale et ce en faveur des forces d\u00e9mocratiques notamment les candidates et candidats du Parti du Livre, qui se sont engag\u00e9s \u00e0 mettre en \u0153uvre la r\u00e9forme du syst\u00e8me \u00e9ducatif tout en veillant \u00e0 d\u00e9fendre l\u2019int\u00e9r\u00eat g\u00e9n\u00e9ral de la patrie et sa souverainet\u00e9, note en substance un communiqu\u00e9 du\u00a0 Secteur de l\u2019enseignement sup\u00e9rieur et de la recherche scientifique du Parti du progr\u00e8s et du socialisme ( PPS).<\/p>\n<p class=\"has-black-color has-text-color\">Poursuivant dans le m\u00eame ordre d\u2019id\u00e9es, l\u2019Appel\u00a0 pr\u00e9cise que ces derniers vont continuer leur bataille pour la cons\u00e9cration des droits constitutionnels de la classe ouvri\u00e8re, la pr\u00e9servation des acquis,\u00a0 la r\u00e9duction des \u00e9carts entre les classes sociales et la lutte contre la pauvret\u00e9 et la pr\u00e9carit\u00e9.<\/p>\n<p class=\"has-black-color has-text-color\">Il va sans dire que le PPS entame la campagne \u00e9lectorale avec ses fermes convictions et tous ses projets visant le d\u00e9veloppement l\u2019\u00e9ducation pour qu\u2019elle soit un droit inali\u00e9nable pour tous les Marocain conform\u00e9ment \u00e0 la Constitution et aussi aux principes du Parti \u00e0 savoir l\u2019\u00e9galit\u00e9 et la justice sociale.<\/p>\n<p class=\"has-black-color has-text-color\">\u00a0Il est inutile\u00a0 de rappeler que\u00a0 la situation pand\u00e9mique a confirm\u00e9 la n\u00e9cessit\u00e9 de valoriser l\u2019\u00e9l\u00e9ment humain en tant que capital fondamental\u00a0 pour le d\u00e9veloppement, pr\u00e9cise l\u2019Appel.<\/p>\n<p class=\"has-black-color has-text-color\">Sachant que le Maroc accorde\u00a0 une grande importance \u00e0 l\u2019am\u00e9lioration des conditions des citoyens depuis l\u2019ind\u00e9pendance.\u00a0 Cela \u00e9tant,\u00a0 notre pays a mis en place des projets de d\u00e9veloppement durable qui ont atteint une grande\u00a0 partie de leurs objectifs et ont d\u00e9montr\u00e9, par cons\u00e9quent, leur efficacit\u00e9, en facilitant le processus d\u2019int\u00e9gration culturelle, sociale et \u00e9conomique des citoyens.<\/p>\n<p class=\"has-black-color has-text-color\">C\u2019est dans cette dynamique que le PPS\u00a0 consid\u00e8re que le domaine de l\u2019\u00e9ducation et la modernisation de ses dispositifs constitue une priorit\u00e9 et l\u2019un des piliers les plus importants pour atteindre\u00a0 les objectifs du d\u00e9veloppement durable.\u00a0 Ceci \u00e9tant, le Parti du Livre \u0153uvre constamment pour le d\u00e9veloppement du secteur de l\u2019\u00e9ducation,\u00a0 \u00e0 travers ses propositions de projets de r\u00e9forme afin qu\u2019il soit adapt\u00e9 aux exigences professionnelles et scientifiques.\u00a0 Autrement dit,\u00a0 l\u2019investissement dans l\u2019\u00e9cole publique, le capital humain et l\u2019\u00e9conomie de la connaissance,\u00a0 devrait \u00eatre consid\u00e9r\u00e9 comme une priorit\u00e9 pour l\u2019int\u00e9gration des citoyens dans le processus du changement dans le processus de changement et de production, comme l\u2019a toujours affirm\u00e9 le Parti du Livre.<\/p>\n<p>L\u2019article <a rel=\"nofollow\" href=\"http:\/\/albayane.press.ma\/appel-pour-la-raison-et-la-dignite-pour-un-maroc-meilleur.html\">\u00ab Appel pour la raison\u2026 et la dignit\u00e9 pour un Maroc meilleur \u00bb<\/a> est apparu en premier sur <a rel=\"nofollow\" href=\"http:\/\/albayane.press.ma\/\">ALBAYANE<\/a>.<\/p>\n<\/div>\n<p>Auteur: M&rsquo;hammed rahal<br \/>\n<a href=\"http:\/\/albayane.press.ma\/appel-pour-la-raison-et-la-dignite-pour-un-maroc-meilleur.html\">Cliquez ici pour lire l&rsquo;article depuis sa source.<\/a><\/p>\n","protected":false},"excerpt":{"rendered":"<p>Secteur de l\u2019enseignement sup\u00e9rieur et de la recherche scientifique du PPS Khalid Darfaf La participation aux \u00e9lections, demeure un m\u00e9canisme constitutionnel s\u00fbr pour changer la r\u00e9alit\u00e9 sociale, souligne le\u00a0 Secteur de l\u2019enseignement sup\u00e9rieur et de la recherche scientifique du Parti du progr\u00e8s et du socialisme (PPS) dans son plaidoyer intitul\u00e9 \u00ab Appel pour la raison\u2026 [&hellip;]<\/p>\n","protected":false},"author":1760,"featured_media":0,"comment_status":"closed","ping_status":"closed","sticky":false,"template":"","format":"standard","meta":{"fifu_image_url":"","fifu_image_alt":"","footnotes":""},"categories":[73,54],"tags":[],"class_list":["post-126268","post","type-post","status-publish","format-standard","hentry","category-actualite","category-maroc"],"_links":{"self":[{"href":"https:\/\/linitiative.ca\/International\/wp-json\/wp\/v2\/posts\/126268","targetHints":{"allow":["GET"]}}],"collection":[{"href":"https:\/\/linitiative.ca\/International\/wp-json\/wp\/v2\/posts"}],"about":[{"href":"https:\/\/linitiative.ca\/International\/wp-json\/wp\/v2\/types\/post"}],"author":[{"embeddable":true,"href":"https:\/\/linitiative.ca\/International\/wp-json\/wp\/v2\/users\/1760"}],"replies":[{"embeddable":true,"href":"https:\/\/linitiative.ca\/International\/wp-json\/wp\/v2\/comments?post=126268"}],"version-history":[{"count":0,"href":"https:\/\/linitiative.ca\/International\/wp-json\/wp\/v2\/posts\/126268\/revisions"}],"wp:attachment":[{"href":"https:\/\/linitiative.ca\/International\/wp-json\/wp\/v2\/media?parent=126268"}],"wp:term":[{"taxonomy":"category","embeddable":true,"href":"https:\/\/linitiative.ca\/International\/wp-json\/wp\/v2\/categories?post=126268"},{"taxonomy":"post_tag","embeddable":true,"href":"https:\/\/linitiative.ca\/International\/wp-json\/wp\/v2\/tags?post=126268"}],"curies":[{"name":"wp","href":"https:\/\/api.w.org\/{rel}","templated":true}]}}