{"id":12627,"date":"2019-02-09T11:29:09","date_gmt":"2019-02-09T16:29:09","guid":{"rendered":"https:\/\/linitiative.ca\/International\/botola-maroc-telecom-d1-17eme-journee-kawkab-marrakech-simpose-face-au-rapide-oued-zem-2-0\/"},"modified":"2019-02-09T11:29:09","modified_gmt":"2019-02-09T16:29:09","slug":"botola-maroc-telecom-d1-17eme-journee-kawkab-marrakech-simpose-face-au-rapide-oued-zem-2-0","status":"publish","type":"post","link":"https:\/\/linitiative.ca\/International\/botola-maroc-telecom-d1-17eme-journee-kawkab-marrakech-simpose-face-au-rapide-oued-zem-2-0\/","title":{"rendered":"Botola Maroc T\u00e9l\u00e9com D1 (17\u00e8me journ\u00e9e): Kawkab Marrakech s\u2019impose face au Rapide Oued Zem (2-0)"},"content":{"rendered":"<p>Marrakech, 09\/02\/2019 (MAP) \u2013 Le Kawkab de Marrakech s\u2019est impos\u00e9 \u00e0 domicile face au Rapide Oued Zem par 2 buts \u00e0 0, en match comptant pour la 17\u00e8me journ\u00e9e de Botola Maroc T\u00e9l\u00e9com D1 de football, disput\u00e9 samedi au Grand stade de la Cit\u00e9 ocre.<\/p>\n<p>Les deux r\u00e9alisations des Marrakchis ont \u00e9t\u00e9 l\u2019\u0153uvre du malien Amadou Samake, auteur d\u2019un doubl\u00e9 (15\u00e8, p\u00e9n et 55\u00e8).<\/p>\n<p>Cette victoire, tant attendue, permet au KACM (16 pts) de grimper d\u2019un rang pour occuper la 15\u00e8 position, aux c\u00f4t\u00e9s de Chabab Rif Al Hoceima.<\/p>\n","protected":false},"excerpt":{"rendered":"<p>Marrakech, 09\/02\/2019 (MAP) \u2013 Le Kawkab de Marrakech s\u2019est impos\u00e9 \u00e0 domicile face au Rapide Oued Zem par 2 buts \u00e0 0, en match comptant pour la 17\u00e8me journ\u00e9e de Botola Maroc T\u00e9l\u00e9com D1 de football, disput\u00e9 samedi au Grand stade de la Cit\u00e9 ocre. Les deux r\u00e9alisations des Marrakchis ont \u00e9t\u00e9 l\u2019\u0153uvre du malien [&hellip;]<\/p>\n","protected":false},"author":1788,"featured_media":0,"comment_status":"closed","ping_status":"closed","sticky":false,"template":"","format":"standard","meta":{"fifu_image_url":"","fifu_image_alt":"","footnotes":""},"categories":[54,76],"tags":[],"class_list":["post-12627","post","type-post","status-publish","format-standard","hentry","category-maroc","category-regions"],"_links":{"self":[{"href":"https:\/\/linitiative.ca\/International\/wp-json\/wp\/v2\/posts\/12627","targetHints":{"allow":["GET"]}}],"collection":[{"href":"https:\/\/linitiative.ca\/International\/wp-json\/wp\/v2\/posts"}],"about":[{"href":"https:\/\/linitiative.ca\/International\/wp-json\/wp\/v2\/types\/post"}],"author":[{"embeddable":true,"href":"https:\/\/linitiative.ca\/International\/wp-json\/wp\/v2\/users\/1788"}],"replies":[{"embeddable":true,"href":"https:\/\/linitiative.ca\/International\/wp-json\/wp\/v2\/comments?post=12627"}],"version-history":[{"count":0,"href":"https:\/\/linitiative.ca\/International\/wp-json\/wp\/v2\/posts\/12627\/revisions"}],"wp:attachment":[{"href":"https:\/\/linitiative.ca\/International\/wp-json\/wp\/v2\/media?parent=12627"}],"wp:term":[{"taxonomy":"category","embeddable":true,"href":"https:\/\/linitiative.ca\/International\/wp-json\/wp\/v2\/categories?post=12627"},{"taxonomy":"post_tag","embeddable":true,"href":"https:\/\/linitiative.ca\/International\/wp-json\/wp\/v2\/tags?post=12627"}],"curies":[{"name":"wp","href":"https:\/\/api.w.org\/{rel}","templated":true}]}}