{"id":126274,"date":"2021-09-06T14:00:00","date_gmt":"2021-09-06T18:00:00","guid":{"rendered":"https:\/\/linitiative.ca\/International\/saisir-la-chance-dimposer-le-changement\/"},"modified":"2021-09-06T14:00:00","modified_gmt":"2021-09-06T18:00:00","slug":"saisir-la-chance-dimposer-le-changement","status":"publish","type":"post","link":"https:\/\/linitiative.ca\/International\/saisir-la-chance-dimposer-le-changement\/","title":{"rendered":"Saisir la chance d\u2019imposer le changement"},"content":{"rendered":"<div>\n<p class=\"has-text-align-center has-vivid-cyan-blue-color has-text-color\"><strong>Des raisons pour voter en faveur du \u00ab\u00a0S\u00e9rieux\u00a0\u00bb<\/strong><\/p>\n<p class=\"has-text-align-right has-black-color has-text-color\"><strong>Mohamed Khalil<\/strong><\/p>\n<p class=\"has-black-color has-text-color\"><strong>Demain pourra \u00eatre un jour historique pour le Maroc. C\u2019est le jour o\u00f9 trois scrutins, local, r\u00e9gional et l\u00e9gislatif de grande importance se d\u00e9rouleront \u00e0 travers le royaume.\u00a0 Des consultations \u00e9lectorales qui marqueront, positivement ou n\u00e9gativement, l\u2019avenir du pays et de son peuple.<\/strong><\/p>\n<p class=\"has-black-color has-text-color\"><strong>Ce sont des scrutins cruciaux que les d\u00e9mocrates, les femmes et hommes de progr\u00e8s, ainsi que leurs entourages, ne devront pas rater, apr\u00e8s tant de d\u00e9sillusion presque g\u00e9n\u00e9rale qui a pour r\u00e9sultat la d\u00e9signation d\u2019individus sans scrupules qui ne savent que se servir au d\u00e9triment des int\u00e9r\u00eats de la Patrie et des Marocaines et Marocains, y compris celles et ceux qui leur donnent leurs voix.<\/strong><\/p>\n<p class=\"has-black-color has-text-color\"><strong>Au vu de la conjoncture par laquelle le Maroc passe, notamment en liaison avec la pand\u00e9mie, le 8 septembre 2021 devra s\u2019inscrire de toutes ses lettres dans l\u2019Histoire du Maroc Moderne. Logiquement, face \u00e0 la d\u00e9t\u00e9rioration de la situation sociale, cette date devra marquer la volont\u00e9 populaire de changer de cap et d\u2019abandonner les pratiques malsaines d\u2019\u00e9lus gr\u00e2ce \u00e0 l\u2019argent qu\u2019ils font couler \u00e0 flots et qu\u2019ils comptent r\u00e9cup\u00e9rer une fois \u00e9lus, outre les privil\u00e8ges et les passe-droits.<\/strong><\/p>\n<p class=\"has-black-color has-text-color\"><strong>Car les Marocaines et les Marocains ne sont pas aussi dupes comme le pensent les fossoyeurs de la participation politique et \u00e9lectorale qui veulent faire croire, \u00e0 qui le veut encore face aux d\u00e9sastres caus\u00e9s, que tous les candidats sont pareils et ne cherchent qu\u2019\u00e0 r\u00e9cup\u00e9rer leurs d\u00e9penses et, une fois \u00e9lus, s\u2019enrichir davantage.<\/strong><\/p>\n<p class=\"has-black-color has-text-color\"><strong>Une crise de repr\u00e9sentativit\u00e9<\/strong><\/p>\n<p class=\"has-black-color has-text-color\"><strong>Depuis plus d\u2019une d\u00e9cennie, c\u2019est connu et tout le monde en convient. Le Maroc se bat dans une crise de repr\u00e9sentativit\u00e9. La majorit\u00e9 \u00e9crasante des d\u00e9sign\u00e9s sont des mal \u00e9lus qui n\u2019ont pas peur m\u00eame de la loi, face au laxisme officiel ambiant.<\/strong><\/p>\n<p class=\"has-black-color has-text-color\"><strong>Cette situation d\u00e9plorable a d\u00e9courag\u00e9, \u00e0 la longue et face aux accumulations n\u00e9gatives non punies par une saine application de la loi, pr\u00e8s de 10 millions de citoyennes et citoyens, inscrits sur les listes \u00e9lectorales mais qui d\u00e9sertent les urnes.<\/strong><\/p>\n<p class=\"has-black-color has-text-color\"><strong>L\u2019\u00e9crasante majorit\u00e9 de ces absent\u00e9istes se plaint de cette mainmise des mercantilistes \u00e9lectoraux et entend poursuivre son boycott tant que ces pratiques malsaines persistent. D\u2019o\u00f9 l\u2019ampleur prise par le ph\u00e9nom\u00e8ne nuisible \u00e0 la marche d\u00e9mocratique et au progr\u00e8s du pays.<\/strong><\/p>\n<p class=\"has-black-color has-text-color\"><strong>Cons\u00e9quence, la cr\u00e9dibilit\u00e9 de l\u2019action politique ne cesse de se d\u00e9grader au grand bonheur des individus de triste m\u00e9moire.<\/strong><\/p>\n<p class=\"has-black-color has-text-color\"><strong>Aussi, le boycott alarmant dure depuis de nombreuses ann\u00e9es sans que le pouvoirs publics ne mettent en place les gardes fous n\u00e9cessaires. Il en d\u00e9coule un fort pr\u00e9judice pour le pays et son avenir et l\u2019on continue de rater les opportunit\u00e9s qui permettent de corriger ces grandes failles.<\/strong><\/p>\n<p class=\"has-black-color has-text-color\"><strong>Honn\u00eates et dignes gens\u2026<\/strong><\/p>\n<p class=\"has-black-color has-text-color\"><strong>H\u00e9las l\u2019\u00e9lite politique et intellectuelle croit que les pouvoirs publics corrigeraient d\u2019eux-m\u00eames les anomalies.<\/strong><\/p>\n<p class=\"has-black-color has-text-color\"><strong>Le Secr\u00e9taire g\u00e9n\u00e9ral du PPS, qui n\u2019a cess\u00e9, bien avant comme durant la campagne \u00e9lectorale, de multiplier les appels \u00e0 la raison, continue \u00e0 le faire \u00e0 la veille du scrutin. Il s\u2019est adress\u00e9 aux \u00ab\u00a0honn\u00eates et dignes gens, tous ceux qui aiment cette Patrie et qui veulent le changement r\u00e9el\u00a0\u00bb pour contribuer au changement, en accomplissant le devoir de vote et en sanctionnant ceux qui les ont fait d\u00e9go\u00fbter de cette pratique \u00e9lectorale et politique d\u00e9cri\u00e9e par tous les d\u00e9mocrates, les progressistes et les v\u00e9ritables patriotes. Avec tous les pr\u00e9judices et retards d\u00e9mocratiques caus\u00e9s.<\/strong><\/p>\n<p class=\"has-black-color has-text-color\"><strong>Tout ce monde doit utiliser sa \u00ab\u00a0jugeote\u00a0\u00bb et d\u00e9cider de ne plus laisser la voix libre aux fossoyeurs de la d\u00e9mocratie. La route doit leur \u00eatre barr\u00e9e. Et basta\u00a0!<\/strong><\/p>\n<p class=\"has-black-color has-text-color\"><strong>Changer la donne<\/strong><\/p>\n<p class=\"has-black-color has-text-color\"><strong>Et comme ne cessent de le r\u00e9p\u00e9ter Nabil Benabdallah et le PPS, une bonne partie des 10 millions d\u2019absent\u00e9istes, notamment celle parmi les rangs des progressistes, peut cr\u00e9er la surprise et changer le cours de l\u2019\u00e9v\u00e9nement \u00e9lectoral et politique. Et ce en favorisant les candidates et les candidats r\u00e9ellement engag\u00e9s dans le combat politique, social et d\u00e9mocratique.<\/strong><\/p>\n<p class=\"has-black-color has-text-color\"><strong>Il aura suffi, dans un premier pas salvateur, que le dixi\u00e8me de cette masse \u00e9lectorale d\u00e9cide de se d\u00e9placer aux urnes et de voter contre les mercantilistes \u00e9lectoraux, trop connus d\u2019ailleurs, pour que tous leurs calculs soient chamboul\u00e9s.<\/strong><\/p>\n<p class=\"has-black-color has-text-color\"><strong>Et la meilleure mani\u00e8re d\u2019exprimer le refus de la poursuite de la mainmise des puissances de l\u2019argent sur les op\u00e9rations \u00e9lectorales est de voir les absent\u00e9istes revenir au devoir \u00e9lectoral et voter pour les candidates et les candidats engag\u00e9s, s\u00e9rieux et responsables.<\/strong><\/p>\n<p class=\"has-black-color has-text-color\"><strong>C\u2019est la meilleure des punitions que les d\u00e9mocrates et progressistes doivent leur infliger. C\u2019est la meilleure des revanches.<\/strong><\/p>\n<p class=\"has-black-color has-text-color\"><strong>Le PPS compte sur les centaines de milliers d\u2019absent\u00e9istes, notamment l\u2019\u00e9lite politique et intellectuelle marocaine, pour revenir aux urnes, et, de la sorte, ils ne manqueront pas de stimuler les retrouvailles du corps \u00e9lectoral d\u00e9serteur des magouilles avec le devoir \u00e9lectoral.<\/strong><\/p>\n<p class=\"has-black-color has-text-color\"><strong>L\u2019appel s\u2019adresse \u00e9galement \u00e0 toutes celles et \u00e0 tous ceux qui font leur les revendications d\u2019\u00e9galit\u00e9 des sexes et des chances, tout ce monde que la pauvret\u00e9, l\u2019exclusion et l\u2019injustice r\u00e9voltent.<\/strong><\/p>\n<p class=\"has-black-color has-text-color\"><strong>Il faudra compter sur ces pans entiers de jeunes en col\u00e8re contre les d\u00e9cideurs politiques, sur les nombreuses familles en difficult\u00e9 pour l\u2019av\u00e8nement du changement.<\/strong><\/p>\n<p class=\"has-black-color has-text-color\"><strong>C\u2019est la seule alternative qui pourra donner une alternative politique cr\u00e9dible qui se concr\u00e9tisera par l\u2019\u00e9mergence d\u2019un gouvernement fort, d\u2019un parlement fort et des institutions fortes. C\u2019en est le gage.<\/strong><\/p>\n<p class=\"has-black-color has-text-color\"><strong>Les candidats du PPS repr\u00e9sentent des comp\u00e9tences sures, engag\u00e9s et fid\u00e8les.<\/strong><\/p>\n<p class=\"has-black-color has-text-color\"><strong>Ils sont capables d\u2019honorer les engagements pris. Faites-leur confiance. Ils ne vous d\u00e9cevront pas.<\/strong><\/p>\n<p class=\"has-black-color has-text-color\"><strong>Et pour que le PPS devienne l\u2019alternative du changement souhait\u00e9, il faudra un vote massif et fort en faveur de ses candidates et candidats, dans les trois scrutins, pour peser, de mani\u00e8re cons\u00e9quente, sur le cours des \u00e9v\u00e9nements.<\/strong><\/p>\n<p class=\"has-vivid-red-color has-text-color\"><strong>Mohamed Khalil<\/strong><\/p>\n<p>L\u2019article <a rel=\"nofollow\" href=\"http:\/\/albayane.press.ma\/saisir-la-chance-dimposer-le-changement.html\">Saisir la chance d\u2019imposer le changement<\/a> est apparu en premier sur <a rel=\"nofollow\" href=\"http:\/\/albayane.press.ma\/\">ALBAYANE<\/a>.<\/p>\n<\/div>\n<p>Auteur: M&rsquo;hammed rahal<br \/>\n<a href=\"http:\/\/albayane.press.ma\/saisir-la-chance-dimposer-le-changement.html\">Cliquez ici pour lire l&rsquo;article depuis sa source.<\/a><\/p>\n","protected":false},"excerpt":{"rendered":"<p>Des raisons pour voter en faveur du \u00ab\u00a0S\u00e9rieux\u00a0\u00bb Mohamed Khalil Demain pourra \u00eatre un jour historique pour le Maroc. C\u2019est le jour o\u00f9 trois scrutins, local, r\u00e9gional et l\u00e9gislatif de grande importance se d\u00e9rouleront \u00e0 travers le royaume.\u00a0 Des consultations \u00e9lectorales qui marqueront, positivement ou n\u00e9gativement, l\u2019avenir du pays et de son peuple. Ce sont [&hellip;]<\/p>\n","protected":false},"author":1760,"featured_media":0,"comment_status":"closed","ping_status":"closed","sticky":false,"template":"","format":"standard","meta":{"fifu_image_url":"","fifu_image_alt":"","footnotes":""},"categories":[73,54],"tags":[],"class_list":["post-126274","post","type-post","status-publish","format-standard","hentry","category-actualite","category-maroc"],"_links":{"self":[{"href":"https:\/\/linitiative.ca\/International\/wp-json\/wp\/v2\/posts\/126274","targetHints":{"allow":["GET"]}}],"collection":[{"href":"https:\/\/linitiative.ca\/International\/wp-json\/wp\/v2\/posts"}],"about":[{"href":"https:\/\/linitiative.ca\/International\/wp-json\/wp\/v2\/types\/post"}],"author":[{"embeddable":true,"href":"https:\/\/linitiative.ca\/International\/wp-json\/wp\/v2\/users\/1760"}],"replies":[{"embeddable":true,"href":"https:\/\/linitiative.ca\/International\/wp-json\/wp\/v2\/comments?post=126274"}],"version-history":[{"count":0,"href":"https:\/\/linitiative.ca\/International\/wp-json\/wp\/v2\/posts\/126274\/revisions"}],"wp:attachment":[{"href":"https:\/\/linitiative.ca\/International\/wp-json\/wp\/v2\/media?parent=126274"}],"wp:term":[{"taxonomy":"category","embeddable":true,"href":"https:\/\/linitiative.ca\/International\/wp-json\/wp\/v2\/categories?post=126274"},{"taxonomy":"post_tag","embeddable":true,"href":"https:\/\/linitiative.ca\/International\/wp-json\/wp\/v2\/tags?post=126274"}],"curies":[{"name":"wp","href":"https:\/\/api.w.org\/{rel}","templated":true}]}}