{"id":126289,"date":"2021-09-07T07:00:00","date_gmt":"2021-09-07T11:00:00","guid":{"rendered":"https:\/\/linitiative.ca\/International\/800-milliards-de-centimes-de-creances-a-recouvrer\/"},"modified":"2021-09-07T07:00:00","modified_gmt":"2021-09-07T11:00:00","slug":"800-milliards-de-centimes-de-creances-a-recouvrer","status":"publish","type":"post","link":"https:\/\/linitiative.ca\/International\/800-milliards-de-centimes-de-creances-a-recouvrer\/","title":{"rendered":"800 milliards de centimes de cr\u00e9ances \u00e0 recouvrer"},"content":{"rendered":"<div>Les cr\u00e9ances de la Soci\u00e9t\u00e9 alg\u00e9rienne de distribution de l\u2019\u00e9lectricit\u00e9 et du gaz (Sadeg) de la wilaya de B\u00e9ja\u00efa s\u2019\u00e9l\u00e8vent \u00e0 quelque 800 milliards de centimes, soit une hausse de 20% par rapport au montant arr\u00eat\u00e9 au 31 d\u00e9cembre 2020.<\/div>\n<p>Auteur:<br \/>\n<a href=\"https:\/\/www.liberte-algerie.com\/radar\/800-milliards-de-centimes-de-creances-a-recouvrer-364548\">Cliquez ici pour lire l&rsquo;article depuis sa source.<\/a><\/p>\n","protected":false},"excerpt":{"rendered":"<p>Les cr\u00e9ances de la Soci\u00e9t\u00e9 alg\u00e9rienne de distribution de l\u2019\u00e9lectricit\u00e9 et du gaz (Sadeg) de la wilaya de B\u00e9ja\u00efa s\u2019\u00e9l\u00e8vent \u00e0 quelque 800 milliards de centimes, soit une hausse de 20% par rapport au montant arr\u00eat\u00e9 au 31 d\u00e9cembre 2020. Auteur: Cliquez ici pour lire l&rsquo;article depuis sa source.<\/p>\n","protected":false},"author":1742,"featured_media":0,"comment_status":"closed","ping_status":"closed","sticky":false,"template":"","format":"standard","meta":{"fifu_image_url":"","fifu_image_alt":"","footnotes":""},"categories":[73,53],"tags":[],"class_list":["post-126289","post","type-post","status-publish","format-standard","hentry","category-actualite","category-algerie"],"_links":{"self":[{"href":"https:\/\/linitiative.ca\/International\/wp-json\/wp\/v2\/posts\/126289","targetHints":{"allow":["GET"]}}],"collection":[{"href":"https:\/\/linitiative.ca\/International\/wp-json\/wp\/v2\/posts"}],"about":[{"href":"https:\/\/linitiative.ca\/International\/wp-json\/wp\/v2\/types\/post"}],"author":[{"embeddable":true,"href":"https:\/\/linitiative.ca\/International\/wp-json\/wp\/v2\/users\/1742"}],"replies":[{"embeddable":true,"href":"https:\/\/linitiative.ca\/International\/wp-json\/wp\/v2\/comments?post=126289"}],"version-history":[{"count":0,"href":"https:\/\/linitiative.ca\/International\/wp-json\/wp\/v2\/posts\/126289\/revisions"}],"wp:attachment":[{"href":"https:\/\/linitiative.ca\/International\/wp-json\/wp\/v2\/media?parent=126289"}],"wp:term":[{"taxonomy":"category","embeddable":true,"href":"https:\/\/linitiative.ca\/International\/wp-json\/wp\/v2\/categories?post=126289"},{"taxonomy":"post_tag","embeddable":true,"href":"https:\/\/linitiative.ca\/International\/wp-json\/wp\/v2\/tags?post=126289"}],"curies":[{"name":"wp","href":"https:\/\/api.w.org\/{rel}","templated":true}]}}