{"id":126290,"date":"2021-09-07T07:00:00","date_gmt":"2021-09-07T11:00:00","guid":{"rendered":"https:\/\/linitiative.ca\/International\/une-caravane-au-chevet-des-sinistres\/"},"modified":"2021-09-07T07:00:00","modified_gmt":"2021-09-07T11:00:00","slug":"une-caravane-au-chevet-des-sinistres","status":"publish","type":"post","link":"https:\/\/linitiative.ca\/International\/une-caravane-au-chevet-des-sinistres\/","title":{"rendered":"Une caravane au chevet des sinistr\u00e9s"},"content":{"rendered":"<div>La caravane humanitaire de paix et d\u2019espoir d\u00e9nomm\u00e9e Taqfaft n talwit d ussirem vient d\u2019entrer en action en Kabylie pour venir en aide aux enfants et aux femmes sinistr\u00e9s lors des derniers incendies criminels qui ont d\u00e9vast\u00e9 la r\u00e9gion.<\/div>\n<p>Auteur:<br \/>\n<a href=\"https:\/\/www.liberte-algerie.com\/radar\/une-caravane-au-chevet-des-sinistres-364547\">Cliquez ici pour lire l&rsquo;article depuis sa source.<\/a><\/p>\n","protected":false},"excerpt":{"rendered":"<p>La caravane humanitaire de paix et d\u2019espoir d\u00e9nomm\u00e9e Taqfaft n talwit d ussirem vient d\u2019entrer en action en Kabylie pour venir en aide aux enfants et aux femmes sinistr\u00e9s lors des derniers incendies criminels qui ont d\u00e9vast\u00e9 la r\u00e9gion. Auteur: Cliquez ici pour lire l&rsquo;article depuis sa source.<\/p>\n","protected":false},"author":1742,"featured_media":0,"comment_status":"closed","ping_status":"closed","sticky":false,"template":"","format":"standard","meta":{"fifu_image_url":"","fifu_image_alt":"","footnotes":""},"categories":[73,53],"tags":[],"class_list":["post-126290","post","type-post","status-publish","format-standard","hentry","category-actualite","category-algerie"],"_links":{"self":[{"href":"https:\/\/linitiative.ca\/International\/wp-json\/wp\/v2\/posts\/126290","targetHints":{"allow":["GET"]}}],"collection":[{"href":"https:\/\/linitiative.ca\/International\/wp-json\/wp\/v2\/posts"}],"about":[{"href":"https:\/\/linitiative.ca\/International\/wp-json\/wp\/v2\/types\/post"}],"author":[{"embeddable":true,"href":"https:\/\/linitiative.ca\/International\/wp-json\/wp\/v2\/users\/1742"}],"replies":[{"embeddable":true,"href":"https:\/\/linitiative.ca\/International\/wp-json\/wp\/v2\/comments?post=126290"}],"version-history":[{"count":0,"href":"https:\/\/linitiative.ca\/International\/wp-json\/wp\/v2\/posts\/126290\/revisions"}],"wp:attachment":[{"href":"https:\/\/linitiative.ca\/International\/wp-json\/wp\/v2\/media?parent=126290"}],"wp:term":[{"taxonomy":"category","embeddable":true,"href":"https:\/\/linitiative.ca\/International\/wp-json\/wp\/v2\/categories?post=126290"},{"taxonomy":"post_tag","embeddable":true,"href":"https:\/\/linitiative.ca\/International\/wp-json\/wp\/v2\/tags?post=126290"}],"curies":[{"name":"wp","href":"https:\/\/api.w.org\/{rel}","templated":true}]}}