{"id":126291,"date":"2021-09-07T07:00:00","date_gmt":"2021-09-07T11:00:00","guid":{"rendered":"https:\/\/linitiative.ca\/International\/vu-a-la-plage-centrale-de-sidi-abdelaziz-jijel\/"},"modified":"2021-09-07T07:00:00","modified_gmt":"2021-09-07T11:00:00","slug":"vu-a-la-plage-centrale-de-sidi-abdelaziz-jijel","status":"publish","type":"post","link":"https:\/\/linitiative.ca\/International\/vu-a-la-plage-centrale-de-sidi-abdelaziz-jijel\/","title":{"rendered":"Vu \u00e0 la plage centrale de Sidi Abdelaziz (Jijel)"},"content":{"rendered":"<div>Prise \u00e0 la plage centrale de Sidi Abdelaziz (Jijel), cette photo montre des amoncellements d\u2019ordures qui en disent long sur l\u2019insalubrit\u00e9 qui r\u00e8gne dans cet espace de baignade tr\u00e8s fr\u00e9quent\u00e9 par les estivants.<\/div>\n<p>Auteur:<br \/>\n<a href=\"https:\/\/www.liberte-algerie.com\/radar\/vu-a-la-plage-centrale-de-sidi-abdelaziz-jijel-364546\">Cliquez ici pour lire l&rsquo;article depuis sa source.<\/a><\/p>\n","protected":false},"excerpt":{"rendered":"<p>Prise \u00e0 la plage centrale de Sidi Abdelaziz (Jijel), cette photo montre des amoncellements d\u2019ordures qui en disent long sur l\u2019insalubrit\u00e9 qui r\u00e8gne dans cet espace de baignade tr\u00e8s fr\u00e9quent\u00e9 par les estivants. Auteur: Cliquez ici pour lire l&rsquo;article depuis sa source.<\/p>\n","protected":false},"author":1742,"featured_media":0,"comment_status":"closed","ping_status":"closed","sticky":false,"template":"","format":"standard","meta":{"fifu_image_url":"","fifu_image_alt":"","footnotes":""},"categories":[73,53],"tags":[],"class_list":["post-126291","post","type-post","status-publish","format-standard","hentry","category-actualite","category-algerie"],"_links":{"self":[{"href":"https:\/\/linitiative.ca\/International\/wp-json\/wp\/v2\/posts\/126291","targetHints":{"allow":["GET"]}}],"collection":[{"href":"https:\/\/linitiative.ca\/International\/wp-json\/wp\/v2\/posts"}],"about":[{"href":"https:\/\/linitiative.ca\/International\/wp-json\/wp\/v2\/types\/post"}],"author":[{"embeddable":true,"href":"https:\/\/linitiative.ca\/International\/wp-json\/wp\/v2\/users\/1742"}],"replies":[{"embeddable":true,"href":"https:\/\/linitiative.ca\/International\/wp-json\/wp\/v2\/comments?post=126291"}],"version-history":[{"count":0,"href":"https:\/\/linitiative.ca\/International\/wp-json\/wp\/v2\/posts\/126291\/revisions"}],"wp:attachment":[{"href":"https:\/\/linitiative.ca\/International\/wp-json\/wp\/v2\/media?parent=126291"}],"wp:term":[{"taxonomy":"category","embeddable":true,"href":"https:\/\/linitiative.ca\/International\/wp-json\/wp\/v2\/categories?post=126291"},{"taxonomy":"post_tag","embeddable":true,"href":"https:\/\/linitiative.ca\/International\/wp-json\/wp\/v2\/tags?post=126291"}],"curies":[{"name":"wp","href":"https:\/\/api.w.org\/{rel}","templated":true}]}}