{"id":126292,"date":"2021-09-07T07:00:00","date_gmt":"2021-09-07T11:00:00","guid":{"rendered":"https:\/\/linitiative.ca\/International\/les-demandeurs-de-logement-se-revoltent-contre-les-autorites-locales\/"},"modified":"2021-09-07T07:00:00","modified_gmt":"2021-09-07T11:00:00","slug":"les-demandeurs-de-logement-se-revoltent-contre-les-autorites-locales","status":"publish","type":"post","link":"https:\/\/linitiative.ca\/International\/les-demandeurs-de-logement-se-revoltent-contre-les-autorites-locales\/","title":{"rendered":"Les demandeurs de logement se r\u00e9voltent contre les autorit\u00e9s locales"},"content":{"rendered":"<div>Les autorit\u00e9s s\u2019\u00e9taient engag\u00e9es \u00e0 reloger certains sinistr\u00e9s au d\u00e9but de l\u2019\u00e9t\u00e9 dernier, avant de repousser cette \u00e9ch\u00e9ance jusqu\u2019au d\u00e9but de la rentr\u00e9e sociale.<\/div>\n<p>Auteur:<br \/>\n<a href=\"https:\/\/www.liberte-algerie.com\/lalgerie-profonde\/les-demandeurs-de-logement-se-revoltent-contre-les-autorites-locales-364545\">Cliquez ici pour lire l&rsquo;article depuis sa source.<\/a><\/p>\n","protected":false},"excerpt":{"rendered":"<p>Les autorit\u00e9s s\u2019\u00e9taient engag\u00e9es \u00e0 reloger certains sinistr\u00e9s au d\u00e9but de l\u2019\u00e9t\u00e9 dernier, avant de repousser cette \u00e9ch\u00e9ance jusqu\u2019au d\u00e9but de la rentr\u00e9e sociale. Auteur: Cliquez ici pour lire l&rsquo;article depuis sa source.<\/p>\n","protected":false},"author":1742,"featured_media":0,"comment_status":"closed","ping_status":"closed","sticky":false,"template":"","format":"standard","meta":{"fifu_image_url":"","fifu_image_alt":"","footnotes":""},"categories":[73,53],"tags":[],"class_list":["post-126292","post","type-post","status-publish","format-standard","hentry","category-actualite","category-algerie"],"_links":{"self":[{"href":"https:\/\/linitiative.ca\/International\/wp-json\/wp\/v2\/posts\/126292","targetHints":{"allow":["GET"]}}],"collection":[{"href":"https:\/\/linitiative.ca\/International\/wp-json\/wp\/v2\/posts"}],"about":[{"href":"https:\/\/linitiative.ca\/International\/wp-json\/wp\/v2\/types\/post"}],"author":[{"embeddable":true,"href":"https:\/\/linitiative.ca\/International\/wp-json\/wp\/v2\/users\/1742"}],"replies":[{"embeddable":true,"href":"https:\/\/linitiative.ca\/International\/wp-json\/wp\/v2\/comments?post=126292"}],"version-history":[{"count":0,"href":"https:\/\/linitiative.ca\/International\/wp-json\/wp\/v2\/posts\/126292\/revisions"}],"wp:attachment":[{"href":"https:\/\/linitiative.ca\/International\/wp-json\/wp\/v2\/media?parent=126292"}],"wp:term":[{"taxonomy":"category","embeddable":true,"href":"https:\/\/linitiative.ca\/International\/wp-json\/wp\/v2\/categories?post=126292"},{"taxonomy":"post_tag","embeddable":true,"href":"https:\/\/linitiative.ca\/International\/wp-json\/wp\/v2\/tags?post=126292"}],"curies":[{"name":"wp","href":"https:\/\/api.w.org\/{rel}","templated":true}]}}