{"id":126294,"date":"2021-09-07T11:32:06","date_gmt":"2021-09-07T15:32:06","guid":{"rendered":"https:\/\/linitiative.ca\/International\/des-reunions-pour-garantir-une-rentree-scolaire-sure\/"},"modified":"2021-09-07T11:32:06","modified_gmt":"2021-09-07T15:32:06","slug":"des-reunions-pour-garantir-une-rentree-scolaire-sure","status":"publish","type":"post","link":"https:\/\/linitiative.ca\/International\/des-reunions-pour-garantir-une-rentree-scolaire-sure\/","title":{"rendered":"Des r\u00e9unions pour garantir une rentr\u00e9e scolaire s\u00fbre"},"content":{"rendered":"<div>\n<div style=\"margin-bottom:20px;\"><img loading=\"lazy\" decoding=\"async\" width=\"750\" height=\"430\" src=\"https:\/\/linitiative.ca\/International\/wp-content\/uploads\/sites\/23\/2021\/09\/rentrC3A9e-scolaire-copier.jpg\" class=\"attachment-post-thumbnail size-post-thumbnail wp-post-image\" alt=\"\" srcset=\"https:\/\/linitiative.ca\/International\/wp-content\/uploads\/sites\/23\/2021\/09\/rentrC3A9e-scolaire-copier.jpg 750w, http:\/\/www.mapmarrakech.ma\/map\/uploads\/2021\/09\/rentr\u00e9e-scolaire-copier-300x172.jpg 300w\" sizes=\"auto, (max-width: 750px) 100vw, 750px\"><\/div>\n<p>Tenues en mode hybride, ces rencontres, pr\u00e9sid\u00e9es par le directeur provincial de l\u2019\u00e9ducation nationale, Noureddine El Aoufi Laghzaoui, ont cibl\u00e9, dans un premier temps, les cadres de l\u2019administration p\u00e9dagogique de l\u2019enseignement public, le corps d\u2019inspection et de contr\u00f4le p\u00e9dagogique ainsi que les repr\u00e9sentants des Associations des parents et tuteurs des \u00e9l\u00e8ves.<\/p>\n<p>Au cours de ces r\u00e9unions, il a \u00e9t\u00e9 question notamment des mesures organisationnelles de l\u2019ann\u00e9e scolaire, de l\u2019op\u00e9ration vaccination des \u00e9l\u00e8ves \u00e2g\u00e9s de 12 \u00e0 17 ans, de la gestion de l\u2019ann\u00e9e scolaire dans le contexte de la pand\u00e9mie de la covid-19 et des proc\u00e9dures et dispositifs propres \u00e0 chaque service relevant de la Direction provinciale.<\/p>\n<p>D\u2019autre part, M. El Aoufi Laghzaoui a tenu une rencontre avec les repr\u00e9sentants des syndicats du secteur de l\u2019enseignement les plus repr\u00e9sentatifs.<\/p>\n<p>Les deux parties ont ainsi abord\u00e9 la gestion de l\u2019ann\u00e9e scolaire \u00e0 la lumi\u00e8re de la pand\u00e9mie de la Covid-19, les ressources humaines et la vaste op\u00e9ration de vaccination des \u00e9l\u00e8ves.<\/p>\n<p>Cette rencontre a \u00e9t\u00e9, en outre, l\u2019occasion pour les repr\u00e9sentants des syndicats de faire part de leurs observations et suggestions \u00e0 m\u00eame de contribuer \u00e0 la r\u00e9ussite de la rentr\u00e9e et de l\u2019ann\u00e9e scolaires.<\/p>\n<p>A noter que le minist\u00e8re de l\u2019\u00c9ducation nationale, de la formation professionnelle, de l\u2019enseignement sup\u00e9rieur et de la recherche scientifique a annonc\u00e9 lundi que le d\u00e9marrage effectif de la rentr\u00e9e scolaire au titre de l\u2019ann\u00e9e scolaire 2021-2022 a \u00e9t\u00e9 report\u00e9 au 1er octobre prochain.<\/p>\n<p>Cette mesure s\u2019applique \u00e0 l\u2019ensemble des \u00e9tablissements scolaires et universitaires, aux centres de formation professionnelle, aux \u00e9tablissements d\u2019enseignement traditionnel aussi bien priv\u00e9s que publics, ainsi qu\u2019aux \u00e9coles des missions \u00e9trang\u00e8res.<\/p>\n<p>The post <a rel=\"nofollow\" href=\"http:\/\/www.mapmarrakech.ma\/fr\/des-reunions-pour-garantir-une-rentree-scolaire-sure\/\">Des r\u00e9unions pour garantir une rentr\u00e9e scolaire s\u00fbre<\/a> appeared first on <a rel=\"nofollow\" href=\"http:\/\/www.mapmarrakech.ma\/fr\">MapMarrakech<\/a>.<\/p>\n<\/div>\n<p>Auteur: Meriem IGASS<br \/>\n<a href=\"http:\/\/www.mapmarrakech.ma\/fr\/des-reunions-pour-garantir-une-rentree-scolaire-sure\/\">Cliquez ici pour lire l&rsquo;article depuis sa source.<\/a><\/p>\n","protected":false},"excerpt":{"rendered":"<p>Tenues en mode hybride, ces rencontres, pr\u00e9sid\u00e9es par le directeur provincial de l\u2019\u00e9ducation nationale, Noureddine El Aoufi Laghzaoui, ont cibl\u00e9, dans un premier temps, les cadres de l\u2019administration p\u00e9dagogique de l\u2019enseignement public, le corps d\u2019inspection et de contr\u00f4le p\u00e9dagogique ainsi que les repr\u00e9sentants des Associations des parents et tuteurs des \u00e9l\u00e8ves. Au cours de ces [&hellip;]<\/p>\n","protected":false},"author":1788,"featured_media":0,"comment_status":"closed","ping_status":"closed","sticky":false,"template":"","format":"standard","meta":{"fifu_image_url":"http:\/\/www.mapmarrakech.ma\/map\/uploads\/2021\/09\/rentr\u00e9e-scolaire-copier.jpg","fifu_image_alt":"Des r\u00e9unions pour garantir une rentr\u00e9e scolaire s\u00fbre","footnotes":""},"categories":[54,76],"tags":[],"class_list":["post-126294","post","type-post","status-publish","format-standard","hentry","category-maroc","category-regions"],"_links":{"self":[{"href":"https:\/\/linitiative.ca\/International\/wp-json\/wp\/v2\/posts\/126294","targetHints":{"allow":["GET"]}}],"collection":[{"href":"https:\/\/linitiative.ca\/International\/wp-json\/wp\/v2\/posts"}],"about":[{"href":"https:\/\/linitiative.ca\/International\/wp-json\/wp\/v2\/types\/post"}],"author":[{"embeddable":true,"href":"https:\/\/linitiative.ca\/International\/wp-json\/wp\/v2\/users\/1788"}],"replies":[{"embeddable":true,"href":"https:\/\/linitiative.ca\/International\/wp-json\/wp\/v2\/comments?post=126294"}],"version-history":[{"count":0,"href":"https:\/\/linitiative.ca\/International\/wp-json\/wp\/v2\/posts\/126294\/revisions"}],"wp:attachment":[{"href":"https:\/\/linitiative.ca\/International\/wp-json\/wp\/v2\/media?parent=126294"}],"wp:term":[{"taxonomy":"category","embeddable":true,"href":"https:\/\/linitiative.ca\/International\/wp-json\/wp\/v2\/categories?post=126294"},{"taxonomy":"post_tag","embeddable":true,"href":"https:\/\/linitiative.ca\/International\/wp-json\/wp\/v2\/tags?post=126294"}],"curies":[{"name":"wp","href":"https:\/\/api.w.org\/{rel}","templated":true}]}}