{"id":126296,"date":"2021-09-07T11:38:07","date_gmt":"2021-09-07T15:38:07","guid":{"rendered":"https:\/\/linitiative.ca\/International\/rencontre-sur-la-participation-politique-des-jeunes-et-des-femmes\/"},"modified":"2021-09-07T11:38:07","modified_gmt":"2021-09-07T15:38:07","slug":"rencontre-sur-la-participation-politique-des-jeunes-et-des-femmes","status":"publish","type":"post","link":"https:\/\/linitiative.ca\/International\/rencontre-sur-la-participation-politique-des-jeunes-et-des-femmes\/","title":{"rendered":"Rencontre sur la participation politique des jeunes et des femmes"},"content":{"rendered":"<div>\n<div style=\"margin-bottom:20px;\"><img loading=\"lazy\" decoding=\"async\" width=\"750\" height=\"430\" src=\"https:\/\/linitiative.ca\/International\/wp-content\/uploads\/sites\/23\/2021\/09\/lC3A9ctions1.jpg\" class=\"attachment-post-thumbnail size-post-thumbnail wp-post-image\" alt=\"\" srcset=\"https:\/\/linitiative.ca\/International\/wp-content\/uploads\/sites\/23\/2021\/09\/lC3A9ctions1.jpg 750w, http:\/\/www.mapmarrakech.ma\/map\/uploads\/2021\/09\/\u00e9l\u00e9ctions1-300x172.jpg 300w\" sizes=\"auto, (max-width: 750px) 100vw, 750px\"><\/div>\n<p>Les participants \u00e0 cette rencontre, initi\u00e9e par le Centre Afro-Med, ont appel\u00e9 \u00e0 accroitre la repr\u00e9sentation des jeunes et des femmes en politique, en application des dispositions de la Constitution.<\/p>\n<p>Tout en soulignant que la faible implication des jeunes dans l\u2019action partisane et leur faible repr\u00e9sentation dans les postes de responsabilit\u00e9 dans les instances politiques constituent un probl\u00e8me structurel auquel il faut rem\u00e9dier, les universitaires et chercheurs ont pr\u00e9conis\u00e9 la pr\u00e9sentation des femmes aux postes de d\u00e9cision politique \u00e0 travers la promulgation de lois garantissant l\u2019\u00e9galit\u00e9 et l\u2019activation du m\u00e9canisme de concurrence au sein des organes du parti.<\/p>\n<p>Ils ont \u00e9galement mis en avant l\u2019importance de reconsid\u00e9rer la mani\u00e8re de formuler les futures lois \u00e9lectorales, appelant \u00e0 concilier d\u00e9mocratie repr\u00e9sentative et d\u00e9mocratie participative pour assurer l\u2019inclusion des jeunes dans l\u2019action partisane.<\/p>\n<p>Les participants ont, par ailleurs, pr\u00e9conis\u00e9 l\u2019adoption du principe de discrimination positive en faveur des femmes pour faciliter leur acc\u00e8s aux organes \u00e9lus dans l\u2019optique d\u2019atteindre la parit\u00e9, appelant \u00e0 respecter les dispositions de la Constitution, en particulier les articles 19, 30 et 164, afin de renforcer la participation politique des femmes.<\/p>\n<p>Pour faire la lumi\u00e8re sur les principaux d\u00e9fis auxquels le Maroc fait face dans ce domaine, les participants ont soulign\u00e9, en guise de conclusion, l\u2019importance de mener des recherches et des \u00e9tudes approfondies pour sonder la position des femmes sur la carte \u00e9lectorale : candidature, participation aux campagnes \u00e9lectorales, vote, si\u00e8ges, postes de responsabilit\u00e9\u2026etc.<\/p>\n<p>The post <a rel=\"nofollow\" href=\"http:\/\/www.mapmarrakech.ma\/fr\/rencontre-sur-la-participation-politique-des-jeunes-et-des-femmes\/\">Rencontre sur la participation politique des jeunes et des femmes<\/a> appeared first on <a rel=\"nofollow\" href=\"http:\/\/www.mapmarrakech.ma\/fr\">MapMarrakech<\/a>.<\/p>\n<\/div>\n<p>Auteur: Meriem IGASS<br \/>\n<a href=\"http:\/\/www.mapmarrakech.ma\/fr\/rencontre-sur-la-participation-politique-des-jeunes-et-des-femmes\/\">Cliquez ici pour lire l&rsquo;article depuis sa source.<\/a><\/p>\n","protected":false},"excerpt":{"rendered":"<p>Les participants \u00e0 cette rencontre, initi\u00e9e par le Centre Afro-Med, ont appel\u00e9 \u00e0 accroitre la repr\u00e9sentation des jeunes et des femmes en politique, en application des dispositions de la Constitution. Tout en soulignant que la faible implication des jeunes dans l\u2019action partisane et leur faible repr\u00e9sentation dans les postes de responsabilit\u00e9 dans les instances politiques [&hellip;]<\/p>\n","protected":false},"author":1788,"featured_media":0,"comment_status":"closed","ping_status":"closed","sticky":false,"template":"","format":"standard","meta":{"fifu_image_url":"http:\/\/www.mapmarrakech.ma\/map\/uploads\/2021\/09\/\u00e9l\u00e9ctions1.jpg","fifu_image_alt":"Rencontre sur la participation politique des jeunes et des femmes","footnotes":""},"categories":[54,76],"tags":[],"class_list":["post-126296","post","type-post","status-publish","format-standard","hentry","category-maroc","category-regions"],"_links":{"self":[{"href":"https:\/\/linitiative.ca\/International\/wp-json\/wp\/v2\/posts\/126296","targetHints":{"allow":["GET"]}}],"collection":[{"href":"https:\/\/linitiative.ca\/International\/wp-json\/wp\/v2\/posts"}],"about":[{"href":"https:\/\/linitiative.ca\/International\/wp-json\/wp\/v2\/types\/post"}],"author":[{"embeddable":true,"href":"https:\/\/linitiative.ca\/International\/wp-json\/wp\/v2\/users\/1788"}],"replies":[{"embeddable":true,"href":"https:\/\/linitiative.ca\/International\/wp-json\/wp\/v2\/comments?post=126296"}],"version-history":[{"count":0,"href":"https:\/\/linitiative.ca\/International\/wp-json\/wp\/v2\/posts\/126296\/revisions"}],"wp:attachment":[{"href":"https:\/\/linitiative.ca\/International\/wp-json\/wp\/v2\/media?parent=126296"}],"wp:term":[{"taxonomy":"category","embeddable":true,"href":"https:\/\/linitiative.ca\/International\/wp-json\/wp\/v2\/categories?post=126296"},{"taxonomy":"post_tag","embeddable":true,"href":"https:\/\/linitiative.ca\/International\/wp-json\/wp\/v2\/tags?post=126296"}],"curies":[{"name":"wp","href":"https:\/\/api.w.org\/{rel}","templated":true}]}}