{"id":126300,"date":"2021-09-07T09:07:05","date_gmt":"2021-09-07T13:07:05","guid":{"rendered":"https:\/\/linitiative.ca\/International\/elections-du-08-septembre-le-vote-se-fera-exclusivement-sur-la-base-de-la-cin\/"},"modified":"2021-09-07T09:07:05","modified_gmt":"2021-09-07T13:07:05","slug":"elections-du-08-septembre-le-vote-se-fera-exclusivement-sur-la-base-de-la-cin","status":"publish","type":"post","link":"https:\/\/linitiative.ca\/International\/elections-du-08-septembre-le-vote-se-fera-exclusivement-sur-la-base-de-la-cin\/","title":{"rendered":"\u00c9lections du 08 septembre: le vote se fera exclusivement sur la base de la CIN"},"content":{"rendered":"<div>\n<div style=\"margin-bottom:20px;\"><img loading=\"lazy\" decoding=\"async\" width=\"750\" height=\"430\" src=\"https:\/\/linitiative.ca\/International\/wp-content\/uploads\/sites\/23\/2021\/09\/Le-ministre-de-lE28099IntC3A9rieur-Abdelouafi-Laftit-750C397430-MAP.jpg\" class=\"attachment-post-thumbnail size-post-thumbnail wp-post-image\" alt=\"\" srcset=\"https:\/\/linitiative.ca\/International\/wp-content\/uploads\/sites\/23\/2021\/09\/Le-ministre-de-lE28099IntC3A9rieur-Abdelouafi-Laftit-750C397430-MAP.jpg 750w, http:\/\/www.mapoujda.ma\/map\/uploads\/2021\/08\/Le-ministre-de-l\u2019Int\u00e9rieur-Abdelouafi-Laftit-750\u00d7430-MAP-300x172.jpg 300w\" sizes=\"auto, (max-width: 750px) 100vw, 750px\"><\/div>\n<p style=\"text-align: justify;\">Le ministre de l\u2019Int\u00e9rieur a notifi\u00e9 mardi que le vote \u00e0 l\u2019occasion des \u00e9lections pr\u00e9vues mercredi 08 septembre se fera exclusivement sur la base de la Carte d\u2019Identit\u00e9 Nationale (CIN) pour la v\u00e9rification de l\u2019identit\u00e9 des votants.<\/p>\n<p style=\"text-align: justify;\">\u00ab\u00a0Conform\u00e9ment aux dispositions l\u00e9gislatives organisant les op\u00e9rations \u00e9lectorales, le ministre de l\u2019Int\u00e9rieur rappelle \u00e0 l\u2019ensemble des \u00e9lectrices et \u00e9lecteurs que le vote \u00e0 l\u2019occasion du scrutin qui se d\u00e9roulera le mercredi 08 septembre 2021 pour l\u2019\u00e9lection des membres de la Chambre des Repr\u00e9sentants, des conseils des communes et d\u2019arrondissements et des conseils des r\u00e9gions, se fera exclusivement sur la base de la Carte d\u2019Identit\u00e9 Nationale (CIN) pour la v\u00e9rification de l\u2019identit\u00e9 des votants\u00a0\u00bb, indique un communiqu\u00e9 du ministre.<\/p>\n<p style=\"text-align: justify;\">\u00ab\u00a0Les \u00e9lectrices et \u00e9lecteurs, qui ont entam\u00e9 les proc\u00e9dures relatives au renouvellement de leur CIN, peuvent aussi participer \u00e0 ce scrutin en pr\u00e9sentant le re\u00e7u d\u00e9livr\u00e9 par la Direction g\u00e9n\u00e9rale de la S\u00fbret\u00e9 Nationale dans l\u2019attente de la d\u00e9livrance de la nouvelle Carte d\u2019Identit\u00e9, et ce apr\u00e8s v\u00e9rification par le bureau de vote de l\u2019identit\u00e9 de chaque personne concern\u00e9e\u00a0\u00bb, ajoute la m\u00eame source.<\/p>\n<p>L\u2019article <a rel=\"nofollow\" href=\"http:\/\/www.mapoujda.ma\/fr\/elections-du-08-septembre-le-vote-se-fera-exclusivement-sur-la-base-de-la-cin\/\">\u00c9lections du 08 septembre: le vote se fera exclusivement sur la base de la CIN<\/a> est apparu en premier sur <a rel=\"nofollow\" href=\"http:\/\/www.mapoujda.ma\/fr\">MapOujda<\/a>.<\/p>\n<\/div>\n<p>Auteur: Soufiane ELAHMAR<br \/>\n<a href=\"http:\/\/www.mapoujda.ma\/fr\/elections-du-08-septembre-le-vote-se-fera-exclusivement-sur-la-base-de-la-cin\/\">Cliquez ici pour lire l&rsquo;article depuis sa source.<\/a><\/p>\n","protected":false},"excerpt":{"rendered":"<p>Le ministre de l\u2019Int\u00e9rieur a notifi\u00e9 mardi que le vote \u00e0 l\u2019occasion des \u00e9lections pr\u00e9vues mercredi 08 septembre se fera exclusivement sur la base de la Carte d\u2019Identit\u00e9 Nationale (CIN) pour la v\u00e9rification de l\u2019identit\u00e9 des votants. \u00ab\u00a0Conform\u00e9ment aux dispositions l\u00e9gislatives organisant les op\u00e9rations \u00e9lectorales, le ministre de l\u2019Int\u00e9rieur rappelle \u00e0 l\u2019ensemble des \u00e9lectrices et [&hellip;]<\/p>\n","protected":false},"author":1788,"featured_media":0,"comment_status":"closed","ping_status":"closed","sticky":false,"template":"","format":"standard","meta":{"fifu_image_url":"http:\/\/www.mapoujda.ma\/map\/uploads\/2021\/08\/Le-ministre-de-l\u2019Int\u00e9rieur-Abdelouafi-Laftit-750\u00d7430-MAP.jpg","fifu_image_alt":"\u00c9lections du 08 septembre: le vote se fera exclusivement sur la base de la CIN","footnotes":""},"categories":[54,76],"tags":[],"class_list":["post-126300","post","type-post","status-publish","format-standard","hentry","category-maroc","category-regions"],"_links":{"self":[{"href":"https:\/\/linitiative.ca\/International\/wp-json\/wp\/v2\/posts\/126300","targetHints":{"allow":["GET"]}}],"collection":[{"href":"https:\/\/linitiative.ca\/International\/wp-json\/wp\/v2\/posts"}],"about":[{"href":"https:\/\/linitiative.ca\/International\/wp-json\/wp\/v2\/types\/post"}],"author":[{"embeddable":true,"href":"https:\/\/linitiative.ca\/International\/wp-json\/wp\/v2\/users\/1788"}],"replies":[{"embeddable":true,"href":"https:\/\/linitiative.ca\/International\/wp-json\/wp\/v2\/comments?post=126300"}],"version-history":[{"count":0,"href":"https:\/\/linitiative.ca\/International\/wp-json\/wp\/v2\/posts\/126300\/revisions"}],"wp:attachment":[{"href":"https:\/\/linitiative.ca\/International\/wp-json\/wp\/v2\/media?parent=126300"}],"wp:term":[{"taxonomy":"category","embeddable":true,"href":"https:\/\/linitiative.ca\/International\/wp-json\/wp\/v2\/categories?post=126300"},{"taxonomy":"post_tag","embeddable":true,"href":"https:\/\/linitiative.ca\/International\/wp-json\/wp\/v2\/tags?post=126300"}],"curies":[{"name":"wp","href":"https:\/\/api.w.org\/{rel}","templated":true}]}}