{"id":126304,"date":"2021-09-07T09:25:09","date_gmt":"2021-09-07T13:25:09","guid":{"rendered":"https:\/\/linitiative.ca\/International\/elections-du-8-septembre-le-vote-se-fera-exclusivement-sur-la-base-de-la-cin\/"},"modified":"2021-09-07T09:25:09","modified_gmt":"2021-09-07T13:25:09","slug":"elections-du-8-septembre-le-vote-se-fera-exclusivement-sur-la-base-de-la-cin","status":"publish","type":"post","link":"https:\/\/linitiative.ca\/International\/elections-du-8-septembre-le-vote-se-fera-exclusivement-sur-la-base-de-la-cin\/","title":{"rendered":"Elections du 8 septembre: Le vote se fera exclusivement sur la base de la CIN"},"content":{"rendered":"<div>\n<div class=\"field field-name-body field-type-text-with-summary field-label-hidden\">\n<div class=\"field-items\">\n<div class=\"field-item even\" property=\"content:encoded\">\n<p class=\"rtejustify\">Le ministre de l&rsquo;Int\u00e9rieur a notifi\u00e9 mardi que le vote \u00e0 l&rsquo;occasion des \u00e9lections pr\u00e9vues mercredi 8 septembre se fera exclusivement sur la base de la Carte d&rsquo;Identit\u00e9 Nationale (CIN) pour la v\u00e9rification de l&rsquo;identit\u00e9 des votants.<\/p>\n<\/div>\n<\/div>\n<\/div>\n<\/div>\n<p>Auteur: hgueye<br \/>\n<a href=\"https:\/\/www.leconomiste.com\/flash-infos\/elections-du-8-septembre-le-vote-se-fera-exclusivement-sur-la-base-de-la-cin\">Cliquez ici pour lire l&rsquo;article depuis sa source.<\/a><\/p>\n","protected":false},"excerpt":{"rendered":"<p>Le ministre de l&rsquo;Int\u00e9rieur a notifi\u00e9 mardi que le vote \u00e0 l&rsquo;occasion des \u00e9lections pr\u00e9vues mercredi 8 septembre se fera exclusivement sur la base de la Carte d&rsquo;Identit\u00e9 Nationale (CIN) pour la v\u00e9rification de l&rsquo;identit\u00e9 des votants. Auteur: hgueye Cliquez ici pour lire l&rsquo;article depuis sa source.<\/p>\n","protected":false},"author":1763,"featured_media":0,"comment_status":"closed","ping_status":"closed","sticky":false,"template":"","format":"standard","meta":{"fifu_image_url":"","fifu_image_alt":"","footnotes":""},"categories":[78,54],"tags":[],"class_list":["post-126304","post","type-post","status-publish","format-standard","hentry","category-economie","category-maroc"],"_links":{"self":[{"href":"https:\/\/linitiative.ca\/International\/wp-json\/wp\/v2\/posts\/126304","targetHints":{"allow":["GET"]}}],"collection":[{"href":"https:\/\/linitiative.ca\/International\/wp-json\/wp\/v2\/posts"}],"about":[{"href":"https:\/\/linitiative.ca\/International\/wp-json\/wp\/v2\/types\/post"}],"author":[{"embeddable":true,"href":"https:\/\/linitiative.ca\/International\/wp-json\/wp\/v2\/users\/1763"}],"replies":[{"embeddable":true,"href":"https:\/\/linitiative.ca\/International\/wp-json\/wp\/v2\/comments?post=126304"}],"version-history":[{"count":0,"href":"https:\/\/linitiative.ca\/International\/wp-json\/wp\/v2\/posts\/126304\/revisions"}],"wp:attachment":[{"href":"https:\/\/linitiative.ca\/International\/wp-json\/wp\/v2\/media?parent=126304"}],"wp:term":[{"taxonomy":"category","embeddable":true,"href":"https:\/\/linitiative.ca\/International\/wp-json\/wp\/v2\/categories?post=126304"},{"taxonomy":"post_tag","embeddable":true,"href":"https:\/\/linitiative.ca\/International\/wp-json\/wp\/v2\/tags?post=126304"}],"curies":[{"name":"wp","href":"https:\/\/api.w.org\/{rel}","templated":true}]}}