{"id":126305,"date":"2021-09-07T11:30:05","date_gmt":"2021-09-07T15:30:05","guid":{"rendered":"https:\/\/linitiative.ca\/International\/covid-3-524-nouveaux-cas-79-deces\/"},"modified":"2021-09-07T11:30:05","modified_gmt":"2021-09-07T15:30:05","slug":"covid-3-524-nouveaux-cas-79-deces","status":"publish","type":"post","link":"https:\/\/linitiative.ca\/International\/covid-3-524-nouveaux-cas-79-deces\/","title":{"rendered":"Covid: 3.524 nouveaux cas, 79 d\u00e9c\u00e8s"},"content":{"rendered":"<div>\n<div class=\"field field-name-body field-type-text-with-summary field-label-hidden\">\n<div class=\"field-items\">\n<div class=\"field-item even\" property=\"content:encoded\">\n<p class=\"rtejustify\">Un total de<strong> 3.524 <\/strong>nouveaux cas d&rsquo;infection au coronavirus (Covid-19) et de <strong>6.395<\/strong> gu\u00e9risons a \u00e9t\u00e9 enregistr\u00e9 au Maroc au cours des derni\u00e8res 24 heures, a indiqu\u00e9 mardi le minist\u00e8re de la Sant\u00e9. Le nombre de primo-vaccin\u00e9s atteint , alors que celui des personnes compl\u00e8tement vaccin\u00e9es (1\u00e8re et 2\u00e8me doses) s&rsquo;\u00e9l\u00e8ve \u00e0 , a pr\u00e9cis\u00e9 le minist\u00e8re dans son bulletin quotidien sur la situation de Covid-19.\u00a0<strong>401.548<\/strong>\u00a0nouvelles doses ont \u00e9t\u00e9 administr\u00e9es.<\/p>\n<\/div>\n<\/div>\n<\/div>\n<\/div>\n<p>Auteur: hgueye<br \/>\n<a href=\"https:\/\/www.leconomiste.com\/flash-infos\/covid-nouveaux-cas-deces-19\">Cliquez ici pour lire l&rsquo;article depuis sa source.<\/a><\/p>\n","protected":false},"excerpt":{"rendered":"<p>Un total de 3.524 nouveaux cas d&rsquo;infection au coronavirus (Covid-19) et de 6.395 gu\u00e9risons a \u00e9t\u00e9 enregistr\u00e9 au Maroc au cours des derni\u00e8res 24 heures, a indiqu\u00e9 mardi le minist\u00e8re de la Sant\u00e9. Le nombre de primo-vaccin\u00e9s atteint , alors que celui des personnes compl\u00e8tement vaccin\u00e9es (1\u00e8re et 2\u00e8me doses) s&rsquo;\u00e9l\u00e8ve \u00e0 , a pr\u00e9cis\u00e9 [&hellip;]<\/p>\n","protected":false},"author":1763,"featured_media":0,"comment_status":"closed","ping_status":"closed","sticky":false,"template":"","format":"standard","meta":{"fifu_image_url":"","fifu_image_alt":"","footnotes":""},"categories":[78,54],"tags":[],"class_list":["post-126305","post","type-post","status-publish","format-standard","hentry","category-economie","category-maroc"],"_links":{"self":[{"href":"https:\/\/linitiative.ca\/International\/wp-json\/wp\/v2\/posts\/126305","targetHints":{"allow":["GET"]}}],"collection":[{"href":"https:\/\/linitiative.ca\/International\/wp-json\/wp\/v2\/posts"}],"about":[{"href":"https:\/\/linitiative.ca\/International\/wp-json\/wp\/v2\/types\/post"}],"author":[{"embeddable":true,"href":"https:\/\/linitiative.ca\/International\/wp-json\/wp\/v2\/users\/1763"}],"replies":[{"embeddable":true,"href":"https:\/\/linitiative.ca\/International\/wp-json\/wp\/v2\/comments?post=126305"}],"version-history":[{"count":0,"href":"https:\/\/linitiative.ca\/International\/wp-json\/wp\/v2\/posts\/126305\/revisions"}],"wp:attachment":[{"href":"https:\/\/linitiative.ca\/International\/wp-json\/wp\/v2\/media?parent=126305"}],"wp:term":[{"taxonomy":"category","embeddable":true,"href":"https:\/\/linitiative.ca\/International\/wp-json\/wp\/v2\/categories?post=126305"},{"taxonomy":"post_tag","embeddable":true,"href":"https:\/\/linitiative.ca\/International\/wp-json\/wp\/v2\/tags?post=126305"}],"curies":[{"name":"wp","href":"https:\/\/api.w.org\/{rel}","templated":true}]}}