{"id":126306,"date":"2021-09-07T13:01:35","date_gmt":"2021-09-07T17:01:35","guid":{"rendered":"https:\/\/linitiative.ca\/International\/uno-ma-ouvre-sa-8e-boutique-de-revendeur-agree-apple-au-morocco-mall\/"},"modified":"2021-09-07T13:01:35","modified_gmt":"2021-09-07T17:01:35","slug":"uno-ma-ouvre-sa-8e-boutique-de-revendeur-agree-apple-au-morocco-mall","status":"publish","type":"post","link":"https:\/\/linitiative.ca\/International\/uno-ma-ouvre-sa-8e-boutique-de-revendeur-agree-apple-au-morocco-mall\/","title":{"rendered":"Uno.ma ouvre sa 8e boutique de revendeur agr\u00e9\u00e9 Apple au Morocco Mall"},"content":{"rendered":"<div>\n<div class=\"field field-name-body field-type-text-with-summary field-label-hidden\">\n<div class=\"field-items\">\n<div class=\"field-item even\" property=\"content:encoded\">\n<p class=\"rtejustify\">UNO.ma, le sp\u00e9cialiste du high-tech et le plus grand r\u00e9seau des revendeurs agr\u00e9\u00e9s de la marque Apple au Maroc, ouvre son 8e showroom au sein du Morocco Mall de Casablanca. Cette nouvelle ouverture vise \u00e0 r\u00e9ussir \u00e0 toucher une cible de clients encore plus large, \u00e9tant donn\u00e9 que le Morocco Mall accueille des visiteurs en provenance de l\u2019ensemble des villes du Royaume, ainsi que des \u00e9trangers.<\/p>\n<\/div>\n<\/div>\n<\/div>\n<\/div>\n<p>Auteur: hgueye<br \/>\n<a href=\"https:\/\/www.leconomiste.com\/flash-infos\/uno-ma-ouvre-sa-8e-boutique-de-revendeur-agree-apple-au-morocco-mall\">Cliquez ici pour lire l&rsquo;article depuis sa source.<\/a><\/p>\n","protected":false},"excerpt":{"rendered":"<p>UNO.ma, le sp\u00e9cialiste du high-tech et le plus grand r\u00e9seau des revendeurs agr\u00e9\u00e9s de la marque Apple au Maroc, ouvre son 8e showroom au sein du Morocco Mall de Casablanca. Cette nouvelle ouverture vise \u00e0 r\u00e9ussir \u00e0 toucher une cible de clients encore plus large, \u00e9tant donn\u00e9 que le Morocco Mall accueille des visiteurs en [&hellip;]<\/p>\n","protected":false},"author":1763,"featured_media":0,"comment_status":"closed","ping_status":"closed","sticky":false,"template":"","format":"standard","meta":{"fifu_image_url":"","fifu_image_alt":"","footnotes":""},"categories":[78,54],"tags":[],"class_list":["post-126306","post","type-post","status-publish","format-standard","hentry","category-economie","category-maroc"],"_links":{"self":[{"href":"https:\/\/linitiative.ca\/International\/wp-json\/wp\/v2\/posts\/126306","targetHints":{"allow":["GET"]}}],"collection":[{"href":"https:\/\/linitiative.ca\/International\/wp-json\/wp\/v2\/posts"}],"about":[{"href":"https:\/\/linitiative.ca\/International\/wp-json\/wp\/v2\/types\/post"}],"author":[{"embeddable":true,"href":"https:\/\/linitiative.ca\/International\/wp-json\/wp\/v2\/users\/1763"}],"replies":[{"embeddable":true,"href":"https:\/\/linitiative.ca\/International\/wp-json\/wp\/v2\/comments?post=126306"}],"version-history":[{"count":0,"href":"https:\/\/linitiative.ca\/International\/wp-json\/wp\/v2\/posts\/126306\/revisions"}],"wp:attachment":[{"href":"https:\/\/linitiative.ca\/International\/wp-json\/wp\/v2\/media?parent=126306"}],"wp:term":[{"taxonomy":"category","embeddable":true,"href":"https:\/\/linitiative.ca\/International\/wp-json\/wp\/v2\/categories?post=126306"},{"taxonomy":"post_tag","embeddable":true,"href":"https:\/\/linitiative.ca\/International\/wp-json\/wp\/v2\/tags?post=126306"}],"curies":[{"name":"wp","href":"https:\/\/api.w.org\/{rel}","templated":true}]}}