{"id":126314,"date":"2021-09-07T06:30:11","date_gmt":"2021-09-07T10:30:11","guid":{"rendered":"https:\/\/linitiative.ca\/International\/des-membres-dassemblees-locales-temoignent-les-elus-locaux-sont-livres-a-eux-memes\/"},"modified":"2021-09-07T06:30:11","modified_gmt":"2021-09-07T10:30:11","slug":"des-membres-dassemblees-locales-temoignent-les-elus-locaux-sont-livres-a-eux-memes","status":"publish","type":"post","link":"https:\/\/linitiative.ca\/International\/des-membres-dassemblees-locales-temoignent-les-elus-locaux-sont-livres-a-eux-memes\/","title":{"rendered":"Des membres d\u2019assembl\u00e9es locales t\u00e9moignent : \u00abLes \u00e9lus locaux sont livr\u00e9s \u00e0 eux-m\u00eames\u00bb"},"content":{"rendered":"<div>\n<div class=\"sriret\"><img decoding=\"async\" src=\"https:\/\/linitiative.ca\/International\/wp-content\/uploads\/sites\/23\/2021\/09\/default-picture-709x366_c-14.jpg\"><\/div>\n<p class=\"p1\"><b>I<\/b>l est 9h30. Dans une cour faisant office de salle d\u2019attente, une cinquantaine de citoyens tenant des tickets patientent devant la porte du bureau du maire de la commune de Oued Ghir, \u00e0 une dizaine de kilom\u00e8tres au sud de B\u00e9ja\u00efa. C\u2019est un jeune maire, en pleine journ\u00e9e de r\u00e9ception, qui a eu l\u2019amabilit\u00e9 de nous consacrer un peu de temps, hier, dans son bureau. Bestani Khaled, \u00e0 la t\u00eate de la commune depuis deux ans, vient de recevoir une vingtaine de personnes \u00e0 l\u2019occasion de cette journ\u00e9e ouverte aux citoyens.<\/p>\n<p>*Retrouvez l\u2019inte\u0301gralite\u0301 de nos articles sur la version papier<\/p>\n<p class=\"p2\">\n<p>L\u2019article <a rel=\"nofollow\" href=\"https:\/\/www.elwatan.com\/edition\/actualite\/des-membres-dassemblees-locales-temoignent-les-elus-locaux-sont-livres-a-eux-memes-07-09-2021\">Des membres d\u2019assembl\u00e9es locales t\u00e9moignent : \u00abLes \u00e9lus locaux sont livr\u00e9s \u00e0 eux-m\u00eames\u00bb<\/a> est apparu en premier sur <a rel=\"nofollow\" href=\"https:\/\/www.elwatan.com\/\">El Watan<\/a>.<\/p>\n<\/div>\n<p>Auteur: Hicham Chouadria<br \/>\n<a href=\"https:\/\/www.elwatan.com\/edition\/actualite\/des-membres-dassemblees-locales-temoignent-les-elus-locaux-sont-livres-a-eux-memes-07-09-2021\">Cliquez ici pour lire l&rsquo;article depuis sa source.<\/a><\/p>\n","protected":false},"excerpt":{"rendered":"<p>Il est 9h30. Dans une cour faisant office de salle d\u2019attente, une cinquantaine de citoyens tenant des tickets patientent devant la porte du bureau du maire de la commune de Oued Ghir, \u00e0 une dizaine de kilom\u00e8tres au sud de B\u00e9ja\u00efa. C\u2019est un jeune maire, en pleine journ\u00e9e de r\u00e9ception, qui a eu l\u2019amabilit\u00e9 de [&hellip;]<\/p>\n","protected":false},"author":1743,"featured_media":0,"comment_status":"closed","ping_status":"closed","sticky":false,"template":"","format":"standard","meta":{"fifu_image_url":"https:\/\/www.elwatan.com\/wp-content\/themes\/spectr\/img\/default-picture-709x366_c.jpg","fifu_image_alt":"Des membres d\u2019assembl\u00e9es locales t\u00e9moignent : \u00abLes \u00e9lus locaux sont livr\u00e9s \u00e0 eux-m\u00eames\u00bb","footnotes":""},"categories":[73,53],"tags":[],"class_list":["post-126314","post","type-post","status-publish","format-standard","hentry","category-actualite","category-algerie"],"_links":{"self":[{"href":"https:\/\/linitiative.ca\/International\/wp-json\/wp\/v2\/posts\/126314","targetHints":{"allow":["GET"]}}],"collection":[{"href":"https:\/\/linitiative.ca\/International\/wp-json\/wp\/v2\/posts"}],"about":[{"href":"https:\/\/linitiative.ca\/International\/wp-json\/wp\/v2\/types\/post"}],"author":[{"embeddable":true,"href":"https:\/\/linitiative.ca\/International\/wp-json\/wp\/v2\/users\/1743"}],"replies":[{"embeddable":true,"href":"https:\/\/linitiative.ca\/International\/wp-json\/wp\/v2\/comments?post=126314"}],"version-history":[{"count":0,"href":"https:\/\/linitiative.ca\/International\/wp-json\/wp\/v2\/posts\/126314\/revisions"}],"wp:attachment":[{"href":"https:\/\/linitiative.ca\/International\/wp-json\/wp\/v2\/media?parent=126314"}],"wp:term":[{"taxonomy":"category","embeddable":true,"href":"https:\/\/linitiative.ca\/International\/wp-json\/wp\/v2\/categories?post=126314"},{"taxonomy":"post_tag","embeddable":true,"href":"https:\/\/linitiative.ca\/International\/wp-json\/wp\/v2\/tags?post=126314"}],"curies":[{"name":"wp","href":"https:\/\/api.w.org\/{rel}","templated":true}]}}