{"id":126318,"date":"2021-09-07T06:41:15","date_gmt":"2021-09-07T10:41:15","guid":{"rendered":"https:\/\/linitiative.ca\/International\/des-elus-locaux-reagissent-aux-modifications-apportees-au-mode-delection-des-p-apc-des-dispositions-contraires-au-principe-de-la-democratie-representative\/"},"modified":"2021-09-07T06:41:15","modified_gmt":"2021-09-07T10:41:15","slug":"des-elus-locaux-reagissent-aux-modifications-apportees-au-mode-delection-des-p-apc-des-dispositions-contraires-au-principe-de-la-democratie-representative","status":"publish","type":"post","link":"https:\/\/linitiative.ca\/International\/des-elus-locaux-reagissent-aux-modifications-apportees-au-mode-delection-des-p-apc-des-dispositions-contraires-au-principe-de-la-democratie-representative\/","title":{"rendered":"Des \u00e9lus locaux r\u00e9agissent aux modifications apport\u00e9es au mode d\u2019\u00e9lection des P\/APC : \u00abDes dispositions contraires au principe de la d\u00e9mocratie repr\u00e9sentative\u00bb"},"content":{"rendered":"<div>\n<div class=\"sriret\"><img loading=\"lazy\" decoding=\"async\" width=\"906\" height=\"603\" src=\"https:\/\/linitiative.ca\/International\/wp-content\/uploads\/sites\/23\/2021\/09\/APC.jpg\" class=\"attachment-featured_large size-featured_large wp-post-image\" alt=\"\" style=\"margin-bottom: 15px;\" srcset=\"https:\/\/linitiative.ca\/International\/wp-content\/uploads\/sites\/23\/2021\/09\/APC.jpg 906w, https:\/\/www.elwatan.com\/wp-content\/uploads\/2021\/05\/APC-300x200.jpg 300w, https:\/\/www.elwatan.com\/wp-content\/uploads\/2021\/05\/APC-768x511.jpg 768w\" sizes=\"auto, (max-width: 906px) 100vw, 906px\"><\/div>\n<p>Les nouvelles modifications apport\u00e9es au code communal ont \u00e9t\u00e9 largement critiqu\u00e9es, notamment par de nombreux \u00e9lus des assembl\u00e9es communales. L\u2019article 65, qui d\u00e9finit le mode d\u2019\u00e9lection des futures assembl\u00e9es, n\u2019est finalement qu\u2019un remake du fameux article 80, supprim\u00e9 en 2014 \u00e0 cause des blocages dans lesquels s\u2019\u00e9taient emp\u00eatr\u00e9es des centaines d\u2019assembl\u00e9es apr\u00e8s les \u00e9lections de 2012.<\/p>\n<p>Selon la nouvelle disposition (art. 64 bis),\u00a0l\u2019assembl\u00e9e proc\u00e8de \u00e0 l\u2019\u00e9lection du pr\u00e9sident de l\u2019Assembl\u00e9e populaire communale cinq jours apr\u00e8s son installation. Jusque-l\u00e0 tout est normal. Le principal changement est contenu dans l\u2019article suivant. Ce dernier \u00e9nonce que \u00able candidat \u00e0 l\u2019\u00e9lection \u00e0 la pr\u00e9sidence de l\u2019Assembl\u00e9e populaire communale, est pr\u00e9sent\u00e9 parmi la liste ayant obtenu la majorit\u00e9 absolue des si\u00e8ges.<\/p>\n<p>*Retrouvez l\u2019int\u00e9gralit\u00e9 de nos articles sur la version papier<\/p>\n<p>L\u2019article <a rel=\"nofollow\" href=\"https:\/\/www.elwatan.com\/edition\/actualite\/des-elus-locaux-reagissent-aux-modifications-apportees-au-mode-delection-des-p-apc-des-dispositions-contraires-au-principe-de-la-democratie-representative-07-09-2021\">Des \u00e9lus locaux r\u00e9agissent aux modifications apport\u00e9es au mode d\u2019\u00e9lection des P\/APC : \u00abDes dispositions contraires au principe de la d\u00e9mocratie repr\u00e9sentative\u00bb<\/a> est apparu en premier sur <a rel=\"nofollow\" href=\"https:\/\/www.elwatan.com\/\">El Watan<\/a>.<\/p>\n<\/div>\n<p>Auteur: Hicham Chouadria<br \/>\n<a href=\"https:\/\/www.elwatan.com\/edition\/actualite\/des-elus-locaux-reagissent-aux-modifications-apportees-au-mode-delection-des-p-apc-des-dispositions-contraires-au-principe-de-la-democratie-representative-07-09-2021\">Cliquez ici pour lire l&rsquo;article depuis sa source.<\/a><\/p>\n","protected":false},"excerpt":{"rendered":"<p>Les nouvelles modifications apport\u00e9es au code communal ont \u00e9t\u00e9 largement critiqu\u00e9es, notamment par de nombreux \u00e9lus des assembl\u00e9es communales. L\u2019article 65, qui d\u00e9finit le mode d\u2019\u00e9lection des futures assembl\u00e9es, n\u2019est finalement qu\u2019un remake du fameux article 80, supprim\u00e9 en 2014 \u00e0 cause des blocages dans lesquels s\u2019\u00e9taient emp\u00eatr\u00e9es des centaines d\u2019assembl\u00e9es apr\u00e8s les \u00e9lections de [&hellip;]<\/p>\n","protected":false},"author":1743,"featured_media":0,"comment_status":"closed","ping_status":"closed","sticky":false,"template":"","format":"standard","meta":{"fifu_image_url":"https:\/\/www.elwatan.com\/wp-content\/uploads\/2021\/05\/APC.jpg","fifu_image_alt":"Des \u00e9lus locaux r\u00e9agissent aux modifications apport\u00e9es au mode d\u2019\u00e9lection des P\/APC : \u00abDes dispositions contraires au principe de la d\u00e9mocratie repr\u00e9sentative\u00bb","footnotes":""},"categories":[73,53],"tags":[],"class_list":["post-126318","post","type-post","status-publish","format-standard","hentry","category-actualite","category-algerie"],"_links":{"self":[{"href":"https:\/\/linitiative.ca\/International\/wp-json\/wp\/v2\/posts\/126318","targetHints":{"allow":["GET"]}}],"collection":[{"href":"https:\/\/linitiative.ca\/International\/wp-json\/wp\/v2\/posts"}],"about":[{"href":"https:\/\/linitiative.ca\/International\/wp-json\/wp\/v2\/types\/post"}],"author":[{"embeddable":true,"href":"https:\/\/linitiative.ca\/International\/wp-json\/wp\/v2\/users\/1743"}],"replies":[{"embeddable":true,"href":"https:\/\/linitiative.ca\/International\/wp-json\/wp\/v2\/comments?post=126318"}],"version-history":[{"count":0,"href":"https:\/\/linitiative.ca\/International\/wp-json\/wp\/v2\/posts\/126318\/revisions"}],"wp:attachment":[{"href":"https:\/\/linitiative.ca\/International\/wp-json\/wp\/v2\/media?parent=126318"}],"wp:term":[{"taxonomy":"category","embeddable":true,"href":"https:\/\/linitiative.ca\/International\/wp-json\/wp\/v2\/categories?post=126318"},{"taxonomy":"post_tag","embeddable":true,"href":"https:\/\/linitiative.ca\/International\/wp-json\/wp\/v2\/tags?post=126318"}],"curies":[{"name":"wp","href":"https:\/\/api.w.org\/{rel}","templated":true}]}}