{"id":126322,"date":"2021-09-07T05:15:00","date_gmt":"2021-09-07T09:15:00","guid":{"rendered":"https:\/\/linitiative.ca\/International\/hubert-tardy-joubert-nomme-a-la-tete-de-linstitut-francais-de-tunis\/"},"modified":"2021-09-07T05:15:00","modified_gmt":"2021-09-07T09:15:00","slug":"hubert-tardy-joubert-nomme-a-la-tete-de-linstitut-francais-de-tunis","status":"publish","type":"post","link":"https:\/\/linitiative.ca\/International\/hubert-tardy-joubert-nomme-a-la-tete-de-linstitut-francais-de-tunis\/","title":{"rendered":"Hubert Tardy-Joubert nomm\u00e9 \u00e0 la t\u00eate de l\u2019Institut fran\u00e7ais de Tunis"},"content":{"rendered":"<div><img decoding=\"async\" src=\"https:\/\/linitiative.ca\/International\/wp-content\/uploads\/sites\/23\/2021\/09\/1631002515_article.jpg\" alt=\"Hubert Tardy-Joubert nomm\u00e9 \u00e0 la t\u00eate de l\u2019Institut fran\u00e7ais de Tunis\" align=\"left\">Agr\u00e9g\u00e9 de philosophie et ancien \u00e9l\u00e8ve de l&rsquo;\u00c9cole normale sup\u00e9rieure, Hubert Tardy-Joubert a pris ses nouvelles fonctions de directeur de l\u2019Institut fran\u00e7ais de Tunis et conseiller de coop\u00e9ration et d\u2019action culturelle. Il arrive d\u2019Addis Abeba o\u00f9 il avait assum\u00e9 la m\u00eame charge pendant trois ans.<br \/>\nHubert Tardy-Joubert a \u00e9t\u00e9 conseiller culture et lien arm\u00e9e-nation au cabinet du secr\u00e9taire d&rsquo;\u00c9tat charg\u00e9 des anciens combattants et de la m\u00e9moire, au minist\u00e8re de la D\u00e9fense (2016), avant de rejoindre le minist\u00e8re de l\u2019Europe et des Affaires \u00e9trang\u00e8res.<br \/>\nSujet de th\u00e8se de doctorat en philosophie choisi lors de ses \u00e9tudes sup\u00e9rieures\u00a0: la question de la &#8230;<\/p>\n<\/div>\n<p>Auteur:<br \/>\n<a href=\"https:\/\/www.leaders.com.tn\/article\/32372-hubert-tardy-joubert-nomme-a-la-tete-de-l-institut-francais-de-tunis\">Cliquez ici pour lire l&rsquo;article depuis sa source.<\/a><\/p>\n","protected":false},"excerpt":{"rendered":"<p>Agr\u00e9g\u00e9 de philosophie et ancien \u00e9l\u00e8ve de l&rsquo;\u00c9cole normale sup\u00e9rieure, Hubert Tardy-Joubert a pris ses nouvelles fonctions de directeur de l\u2019Institut fran\u00e7ais de Tunis et conseiller de coop\u00e9ration et d\u2019action culturelle. Il arrive d\u2019Addis Abeba o\u00f9 il avait assum\u00e9 la m\u00eame charge pendant trois ans. Hubert Tardy-Joubert a \u00e9t\u00e9 conseiller culture et lien arm\u00e9e-nation au [&hellip;]<\/p>\n","protected":false},"author":1772,"featured_media":0,"comment_status":"closed","ping_status":"closed","sticky":false,"template":"","format":"standard","meta":{"fifu_image_url":"http:\/\/www.leaders.com.tn\/uploads\/content\/thumbnails_small\/1631002515_article.jpg","fifu_image_alt":"Hubert Tardy-Joubert nomm\u00e9 \u00e0 la t\u00eate de l\u2019Institut fran\u00e7ais de Tunis","footnotes":""},"categories":[73,55],"tags":[],"class_list":["post-126322","post","type-post","status-publish","format-standard","hentry","category-actualite","category-tunisie"],"_links":{"self":[{"href":"https:\/\/linitiative.ca\/International\/wp-json\/wp\/v2\/posts\/126322","targetHints":{"allow":["GET"]}}],"collection":[{"href":"https:\/\/linitiative.ca\/International\/wp-json\/wp\/v2\/posts"}],"about":[{"href":"https:\/\/linitiative.ca\/International\/wp-json\/wp\/v2\/types\/post"}],"author":[{"embeddable":true,"href":"https:\/\/linitiative.ca\/International\/wp-json\/wp\/v2\/users\/1772"}],"replies":[{"embeddable":true,"href":"https:\/\/linitiative.ca\/International\/wp-json\/wp\/v2\/comments?post=126322"}],"version-history":[{"count":0,"href":"https:\/\/linitiative.ca\/International\/wp-json\/wp\/v2\/posts\/126322\/revisions"}],"wp:attachment":[{"href":"https:\/\/linitiative.ca\/International\/wp-json\/wp\/v2\/media?parent=126322"}],"wp:term":[{"taxonomy":"category","embeddable":true,"href":"https:\/\/linitiative.ca\/International\/wp-json\/wp\/v2\/categories?post=126322"},{"taxonomy":"post_tag","embeddable":true,"href":"https:\/\/linitiative.ca\/International\/wp-json\/wp\/v2\/tags?post=126322"}],"curies":[{"name":"wp","href":"https:\/\/api.w.org\/{rel}","templated":true}]}}