{"id":126324,"date":"2021-09-07T05:17:00","date_gmt":"2021-09-07T09:17:00","guid":{"rendered":"https:\/\/linitiative.ca\/International\/un-nouveau-livre-de-yadh-ben-achour-la-question-de-lislam-devant-le-comite-des-droits-de-lhomme-de-lonu\/"},"modified":"2021-09-07T05:17:00","modified_gmt":"2021-09-07T09:17:00","slug":"un-nouveau-livre-de-yadh-ben-achour-la-question-de-lislam-devant-le-comite-des-droits-de-lhomme-de-lonu","status":"publish","type":"post","link":"https:\/\/linitiative.ca\/International\/un-nouveau-livre-de-yadh-ben-achour-la-question-de-lislam-devant-le-comite-des-droits-de-lhomme-de-lonu\/","title":{"rendered":"Un nouveau livre de Yadh Ben Achour : La question de l&rsquo;islam devant le Comit\u00e9 des droits de l&rsquo;homme de l\u2019ONU"},"content":{"rendered":"<div><img decoding=\"async\" src=\"https:\/\/linitiative.ca\/International\/wp-content\/uploads\/sites\/23\/2021\/09\/1631002679_article.jpg\" alt=\"Yadh Ben Achour\" align=\"left\">Au-del\u00e0 de sa dimension religieuse, la question islamique renvoie \u00e0 divers aspects juridiques, politiques, sociaux et culturels. Comment a-t-elle \u00e9t\u00e9 trait\u00e9e par la Commission des droits de l&rsquo;homme de l\u2019ONU\u00a0? La probl\u00e9matique a \u00e9t\u00e9 le th\u00e8me, dans on ensemble d\u2019un cycle de conf\u00e9rences donn\u00e9es \u00e0 distance en novembre 2020 par le professeur Yadh Ben Achour, membre de la Commission, au Centre d&rsquo;\u00e9tudes juridiques europ\u00e9ennes sur la macrocriminalit\u00e9. Cr\u00e9\u00e9 en 2018 au sein du D\u00e9partement de droit, Universit\u00e9 de Ferrare, en Italie, le Centre vient de publier le texte des conf\u00e9rences, donn\u00e9es en anglais, en tant que cours inaugural dans une version enrichie et &#8230;<\/p>\n<\/div>\n<p>Auteur:<br \/>\n<a href=\"https:\/\/www.leaders.com.tn\/article\/32373-yadh-ben-achour\">Cliquez ici pour lire l&rsquo;article depuis sa source.<\/a><\/p>\n","protected":false},"excerpt":{"rendered":"<p>Au-del\u00e0 de sa dimension religieuse, la question islamique renvoie \u00e0 divers aspects juridiques, politiques, sociaux et culturels. Comment a-t-elle \u00e9t\u00e9 trait\u00e9e par la Commission des droits de l&rsquo;homme de l\u2019ONU\u00a0? La probl\u00e9matique a \u00e9t\u00e9 le th\u00e8me, dans on ensemble d\u2019un cycle de conf\u00e9rences donn\u00e9es \u00e0 distance en novembre 2020 par le professeur Yadh Ben Achour, [&hellip;]<\/p>\n","protected":false},"author":1772,"featured_media":0,"comment_status":"closed","ping_status":"closed","sticky":false,"template":"","format":"standard","meta":{"fifu_image_url":"http:\/\/www.leaders.com.tn\/uploads\/content\/thumbnails_small\/1631002679_article.jpg","fifu_image_alt":"<div>Un nouveau livre de Yadh Ben Achour : La question de l'islam devant le Comit\u00e9 des droits de l'homme de l\u2019ONU<\/div>","footnotes":""},"categories":[73,55],"tags":[],"class_list":["post-126324","post","type-post","status-publish","format-standard","hentry","category-actualite","category-tunisie"],"_links":{"self":[{"href":"https:\/\/linitiative.ca\/International\/wp-json\/wp\/v2\/posts\/126324","targetHints":{"allow":["GET"]}}],"collection":[{"href":"https:\/\/linitiative.ca\/International\/wp-json\/wp\/v2\/posts"}],"about":[{"href":"https:\/\/linitiative.ca\/International\/wp-json\/wp\/v2\/types\/post"}],"author":[{"embeddable":true,"href":"https:\/\/linitiative.ca\/International\/wp-json\/wp\/v2\/users\/1772"}],"replies":[{"embeddable":true,"href":"https:\/\/linitiative.ca\/International\/wp-json\/wp\/v2\/comments?post=126324"}],"version-history":[{"count":0,"href":"https:\/\/linitiative.ca\/International\/wp-json\/wp\/v2\/posts\/126324\/revisions"}],"wp:attachment":[{"href":"https:\/\/linitiative.ca\/International\/wp-json\/wp\/v2\/media?parent=126324"}],"wp:term":[{"taxonomy":"category","embeddable":true,"href":"https:\/\/linitiative.ca\/International\/wp-json\/wp\/v2\/categories?post=126324"},{"taxonomy":"post_tag","embeddable":true,"href":"https:\/\/linitiative.ca\/International\/wp-json\/wp\/v2\/tags?post=126324"}],"curies":[{"name":"wp","href":"https:\/\/api.w.org\/{rel}","templated":true}]}}