{"id":126326,"date":"2021-09-07T05:36:00","date_gmt":"2021-09-07T09:36:00","guid":{"rendered":"https:\/\/linitiative.ca\/International\/leila-farah-mokaddem-directrice-generale-de-la-bad-pour-lafrique-australe-sinstalle-a-johannesburg\/"},"modified":"2021-09-07T05:36:00","modified_gmt":"2021-09-07T09:36:00","slug":"leila-farah-mokaddem-directrice-generale-de-la-bad-pour-lafrique-australe-sinstalle-a-johannesburg","status":"publish","type":"post","link":"https:\/\/linitiative.ca\/International\/leila-farah-mokaddem-directrice-generale-de-la-bad-pour-lafrique-australe-sinstalle-a-johannesburg\/","title":{"rendered":"Leila Farah Mokaddem, directrice g\u00e9n\u00e9rale de la BAD pour l\u2019Afrique australe s\u2019installe \u00e0 Johannesburg"},"content":{"rendered":"<div><img decoding=\"async\" src=\"https:\/\/linitiative.ca\/International\/wp-content\/uploads\/sites\/23\/2021\/09\/1630999143_article.jpg\" alt=\"Leila Farah Mokaddem nomm\u00e9e directrice g\u00e9n\u00e9rale pour l\u2019Afrique australe s\u2019installe \u00e0 Johannesburg\" align=\"left\">Elle vient de s\u2019installer \u00e0 Johannesburg d\u2019o\u00f9 elle couvrira, en plus de l\u2019Afrique du Sud, d\u2019autres pays de la r\u00e9gion. Leila Farah Mokaddem a, en effet, \u00e9t\u00e9 nomm\u00e9e par le pr\u00e9sident de la Banque africaine de d\u00e9veloppement (BAD), Dr Adesina, directrice g\u00e9n\u00e9rale pour l\u2019Afrique australe, une r\u00e9gion tr\u00e8s vaste, avec une mission tr\u00e8s large et des objectifs ambitieux.<br \/>\n\u00abC\u2019est une professionnelle tr\u00e8s respect\u00e9e, qui a un solide parcours dans la gestion des engagements strat\u00e9giques de la Banque dans nos pays membres r\u00e9gionaux\u00bb, a soulign\u00e9 Dr Adesina. Leila Farah Mokaddem avait en effet \u00e9t\u00e9 notamment cheffe de bureau en \u00c9gypte, puis au Maroc, en 25 ans de carri\u00e8re &#8230;<\/p>\n<\/div>\n<p>Auteur:<br \/>\n<a href=\"https:\/\/www.leaders.com.tn\/article\/32371-leila-farah-mokaddem-nommee-directrice-generale-pour-l-afrique-australe-s-installe-a-johannesburg\">Cliquez ici pour lire l&rsquo;article depuis sa source.<\/a><\/p>\n","protected":false},"excerpt":{"rendered":"<p>Elle vient de s\u2019installer \u00e0 Johannesburg d\u2019o\u00f9 elle couvrira, en plus de l\u2019Afrique du Sud, d\u2019autres pays de la r\u00e9gion. Leila Farah Mokaddem a, en effet, \u00e9t\u00e9 nomm\u00e9e par le pr\u00e9sident de la Banque africaine de d\u00e9veloppement (BAD), Dr Adesina, directrice g\u00e9n\u00e9rale pour l\u2019Afrique australe, une r\u00e9gion tr\u00e8s vaste, avec une mission tr\u00e8s large et [&hellip;]<\/p>\n","protected":false},"author":1772,"featured_media":0,"comment_status":"closed","ping_status":"closed","sticky":false,"template":"","format":"standard","meta":{"fifu_image_url":"http:\/\/www.leaders.com.tn\/uploads\/content\/thumbnails_small\/1630999143_article.jpg","fifu_image_alt":"Leila Farah Mokaddem, directrice g\u00e9n\u00e9rale de la BAD pour l\u2019Afrique australe s\u2019installe \u00e0 Johannesburg","footnotes":""},"categories":[73,55],"tags":[],"class_list":["post-126326","post","type-post","status-publish","format-standard","hentry","category-actualite","category-tunisie"],"_links":{"self":[{"href":"https:\/\/linitiative.ca\/International\/wp-json\/wp\/v2\/posts\/126326","targetHints":{"allow":["GET"]}}],"collection":[{"href":"https:\/\/linitiative.ca\/International\/wp-json\/wp\/v2\/posts"}],"about":[{"href":"https:\/\/linitiative.ca\/International\/wp-json\/wp\/v2\/types\/post"}],"author":[{"embeddable":true,"href":"https:\/\/linitiative.ca\/International\/wp-json\/wp\/v2\/users\/1772"}],"replies":[{"embeddable":true,"href":"https:\/\/linitiative.ca\/International\/wp-json\/wp\/v2\/comments?post=126326"}],"version-history":[{"count":0,"href":"https:\/\/linitiative.ca\/International\/wp-json\/wp\/v2\/posts\/126326\/revisions"}],"wp:attachment":[{"href":"https:\/\/linitiative.ca\/International\/wp-json\/wp\/v2\/media?parent=126326"}],"wp:term":[{"taxonomy":"category","embeddable":true,"href":"https:\/\/linitiative.ca\/International\/wp-json\/wp\/v2\/categories?post=126326"},{"taxonomy":"post_tag","embeddable":true,"href":"https:\/\/linitiative.ca\/International\/wp-json\/wp\/v2\/tags?post=126326"}],"curies":[{"name":"wp","href":"https:\/\/api.w.org\/{rel}","templated":true}]}}