{"id":126328,"date":"2021-09-07T06:30:00","date_gmt":"2021-09-07T10:30:00","guid":{"rendered":"https:\/\/linitiative.ca\/International\/politique-economique-sociale-et-scolaire-une-rentree-tunisienne-en-temps-dexception\/"},"modified":"2021-09-07T06:30:00","modified_gmt":"2021-09-07T10:30:00","slug":"politique-economique-sociale-et-scolaire-une-rentree-tunisienne-en-temps-dexception","status":"publish","type":"post","link":"https:\/\/linitiative.ca\/International\/politique-economique-sociale-et-scolaire-une-rentree-tunisienne-en-temps-dexception\/","title":{"rendered":"Politique, \u00e9conomique, sociale et scolaire: Une rentr\u00e9e tunisienne en temps d\u2019exception"},"content":{"rendered":"<div><img decoding=\"async\" src=\"https:\/\/linitiative.ca\/International\/wp-content\/uploads\/sites\/23\/2021\/09\/1630923209_article.jpg\" alt=\"Politique, \u00e9conomique, sociale et scolaire: Une rentr\u00e9e en temps d\u2019exception\" align=\"left\">Jamais dans l\u2019histoire contemporaine de la Tunisie une rentr\u00e9e automnale, apr\u00e8s la tr\u00eave de l\u2019\u00e9t\u00e9, ne s\u2019est d\u00e9roul\u00e9e dans pareil contexte: sous \u00e9tat d\u2019exception. Parlement suspendu, gouvernement limog\u00e9, pouvoirs concentr\u00e9s entre les mains du pr\u00e9sident de la R\u00e9publique et guerre f\u00e9roce contre la malversation, les abus et l\u2019impunit\u00e9: tout un syst\u00e8me est mis en d\u00e9construction. D\u00e9termin\u00e9 \u00e0 assumer jusqu\u2019au bout ce qu\u2019il consid\u00e8re comme sa mission de justicier, Ka\u00efs Sa\u00efed ne compte pas s\u2019arr\u00eater aux premi\u00e8res mesures qu\u2019il a prises. Plus rien ne le retient dans ce qu\u2019il estime \u00absalutaire\u00bb, ne s\u2019embarrassant d\u2019aucun formalisme, se pr\u00e9valant de la &#8230;<\/p>\n<\/div>\n<p>Auteur:<br \/>\n<a href=\"https:\/\/www.leaders.com.tn\/article\/32368-politique-economique-sociale-et-scolaire-une-rentree-en-temps-d-exception\">Cliquez ici pour lire l&rsquo;article depuis sa source.<\/a><\/p>\n","protected":false},"excerpt":{"rendered":"<p>Jamais dans l\u2019histoire contemporaine de la Tunisie une rentr\u00e9e automnale, apr\u00e8s la tr\u00eave de l\u2019\u00e9t\u00e9, ne s\u2019est d\u00e9roul\u00e9e dans pareil contexte: sous \u00e9tat d\u2019exception. Parlement suspendu, gouvernement limog\u00e9, pouvoirs concentr\u00e9s entre les mains du pr\u00e9sident de la R\u00e9publique et guerre f\u00e9roce contre la malversation, les abus et l\u2019impunit\u00e9: tout un syst\u00e8me est mis en d\u00e9construction. [&hellip;]<\/p>\n","protected":false},"author":1772,"featured_media":0,"comment_status":"closed","ping_status":"closed","sticky":false,"template":"","format":"standard","meta":{"fifu_image_url":"http:\/\/www.leaders.com.tn\/uploads\/content\/thumbnails_small\/1630923209_article.jpg","fifu_image_alt":"Politique, \u00e9conomique, sociale et scolaire: Une rentr\u00e9e tunisienne en temps d\u2019exception","footnotes":""},"categories":[73,55],"tags":[],"class_list":["post-126328","post","type-post","status-publish","format-standard","hentry","category-actualite","category-tunisie"],"_links":{"self":[{"href":"https:\/\/linitiative.ca\/International\/wp-json\/wp\/v2\/posts\/126328","targetHints":{"allow":["GET"]}}],"collection":[{"href":"https:\/\/linitiative.ca\/International\/wp-json\/wp\/v2\/posts"}],"about":[{"href":"https:\/\/linitiative.ca\/International\/wp-json\/wp\/v2\/types\/post"}],"author":[{"embeddable":true,"href":"https:\/\/linitiative.ca\/International\/wp-json\/wp\/v2\/users\/1772"}],"replies":[{"embeddable":true,"href":"https:\/\/linitiative.ca\/International\/wp-json\/wp\/v2\/comments?post=126328"}],"version-history":[{"count":0,"href":"https:\/\/linitiative.ca\/International\/wp-json\/wp\/v2\/posts\/126328\/revisions"}],"wp:attachment":[{"href":"https:\/\/linitiative.ca\/International\/wp-json\/wp\/v2\/media?parent=126328"}],"wp:term":[{"taxonomy":"category","embeddable":true,"href":"https:\/\/linitiative.ca\/International\/wp-json\/wp\/v2\/categories?post=126328"},{"taxonomy":"post_tag","embeddable":true,"href":"https:\/\/linitiative.ca\/International\/wp-json\/wp\/v2\/tags?post=126328"}],"curies":[{"name":"wp","href":"https:\/\/api.w.org\/{rel}","templated":true}]}}