{"id":126330,"date":"2021-09-07T12:07:00","date_gmt":"2021-09-07T16:07:00","guid":{"rendered":"https:\/\/linitiative.ca\/International\/tunisie-telecom-et-enactus-tunisie-un-partenariat-strategique-fort-pour-le-changement-societal-et-economique\/"},"modified":"2021-09-07T12:07:00","modified_gmt":"2021-09-07T16:07:00","slug":"tunisie-telecom-et-enactus-tunisie-un-partenariat-strategique-fort-pour-le-changement-societal-et-economique","status":"publish","type":"post","link":"https:\/\/linitiative.ca\/International\/tunisie-telecom-et-enactus-tunisie-un-partenariat-strategique-fort-pour-le-changement-societal-et-economique\/","title":{"rendered":"Tunisie Telecom et Enactus Tunisie: Un partenariat strat\u00e9gique fort pour le changement soci\u00e9tal et \u00e9conomique"},"content":{"rendered":"<div><img decoding=\"async\" src=\"https:\/\/linitiative.ca\/International\/wp-content\/uploads\/sites\/23\/2021\/09\/1631028077_article.jpg\" alt=\"Tunisie Telecom et Enactus Tunisie: Un partenariat strat\u00e9gique fort pour le changement soci\u00e9tal et \u00e9conomique\" align=\"left\">L\u2019op\u00e9rateur national des t\u00e9l\u00e9communications continue d&rsquo;affirmer son ferme soutien aux efforts du tissu associatif dans le but d&#8217;employer les technologies de l&rsquo;information pour r\u00e9pondre aux enjeux de d\u00e9veloppement social et \u00e9conomique en Tunisie.<br \/>\nLe partenariat fructueux lanc\u00e9 depuis 2019 entre Tunisie Telecom et l\u2019association Enactus Tunisie constitue un bon exemple de l&rsquo;engagement de l&rsquo;entreprise \u00e0 utiliser son expertise technologique pour valoriser la contribution des jeunes inventeurs et entrepreneurs dans la conception de solutions technologiques innovantes qui r\u00e9pondent aux besoins sociaux et \u00e9conomiques de la Tunisie dans divers domaines.<br \/>\nEn effet, ce partenariat a &#8230;<\/p>\n<\/div>\n<p>Auteur:<br \/>\n<a href=\"https:\/\/www.leaders.com.tn\/article\/32375-tunisie-telecom-et-enactus-tunisie-un-partenariat-strategique-fort-pour-le-changement-societal-et-economique\">Cliquez ici pour lire l&rsquo;article depuis sa source.<\/a><\/p>\n","protected":false},"excerpt":{"rendered":"<p>L\u2019op\u00e9rateur national des t\u00e9l\u00e9communications continue d&rsquo;affirmer son ferme soutien aux efforts du tissu associatif dans le but d&#8217;employer les technologies de l&rsquo;information pour r\u00e9pondre aux enjeux de d\u00e9veloppement social et \u00e9conomique en Tunisie. Le partenariat fructueux lanc\u00e9 depuis 2019 entre Tunisie Telecom et l\u2019association Enactus Tunisie constitue un bon exemple de l&rsquo;engagement de l&rsquo;entreprise \u00e0 [&hellip;]<\/p>\n","protected":false},"author":1772,"featured_media":0,"comment_status":"closed","ping_status":"closed","sticky":false,"template":"","format":"standard","meta":{"fifu_image_url":"http:\/\/www.leaders.com.tn\/uploads\/content\/thumbnails_small\/1631028077_article.jpg","fifu_image_alt":"Tunisie Telecom et Enactus Tunisie: Un partenariat strat\u00e9gique fort pour le changement soci\u00e9tal et \u00e9conomique","footnotes":""},"categories":[73,55],"tags":[],"class_list":["post-126330","post","type-post","status-publish","format-standard","hentry","category-actualite","category-tunisie"],"_links":{"self":[{"href":"https:\/\/linitiative.ca\/International\/wp-json\/wp\/v2\/posts\/126330","targetHints":{"allow":["GET"]}}],"collection":[{"href":"https:\/\/linitiative.ca\/International\/wp-json\/wp\/v2\/posts"}],"about":[{"href":"https:\/\/linitiative.ca\/International\/wp-json\/wp\/v2\/types\/post"}],"author":[{"embeddable":true,"href":"https:\/\/linitiative.ca\/International\/wp-json\/wp\/v2\/users\/1772"}],"replies":[{"embeddable":true,"href":"https:\/\/linitiative.ca\/International\/wp-json\/wp\/v2\/comments?post=126330"}],"version-history":[{"count":0,"href":"https:\/\/linitiative.ca\/International\/wp-json\/wp\/v2\/posts\/126330\/revisions"}],"wp:attachment":[{"href":"https:\/\/linitiative.ca\/International\/wp-json\/wp\/v2\/media?parent=126330"}],"wp:term":[{"taxonomy":"category","embeddable":true,"href":"https:\/\/linitiative.ca\/International\/wp-json\/wp\/v2\/categories?post=126330"},{"taxonomy":"post_tag","embeddable":true,"href":"https:\/\/linitiative.ca\/International\/wp-json\/wp\/v2\/tags?post=126330"}],"curies":[{"name":"wp","href":"https:\/\/api.w.org\/{rel}","templated":true}]}}