{"id":126332,"date":"2021-09-07T06:00:00","date_gmt":"2021-09-07T10:00:00","guid":{"rendered":"https:\/\/linitiative.ca\/International\/iii-les-defis-du-futur\/"},"modified":"2021-09-07T06:00:00","modified_gmt":"2021-09-07T10:00:00","slug":"iii-les-defis-du-futur","status":"publish","type":"post","link":"https:\/\/linitiative.ca\/International\/iii-les-defis-du-futur\/","title":{"rendered":"III- Les d\u00e9fis du futur"},"content":{"rendered":"<div>La troisi\u00e8me partie de cette contribution, qui compl\u00e8te les deux pr\u00e9c\u00e9dentes pour dire ce dont la crise est le nom, rappelle la complexit\u00e9 du monde contemporain, met en \u00e9vidence les profondes pertes de rep\u00e8res,<\/div>\n<p>Auteur:<br \/>\n<a href=\"https:\/\/www.lesoirdalgerie.com\/contribution\/iii-les-defis-du-futur-67080\">Cliquez ici pour lire l&rsquo;article depuis sa source.<\/a><\/p>\n","protected":false},"excerpt":{"rendered":"<p>La troisi\u00e8me partie de cette contribution, qui compl\u00e8te les deux pr\u00e9c\u00e9dentes pour dire ce dont la crise est le nom, rappelle la complexit\u00e9 du monde contemporain, met en \u00e9vidence les profondes pertes de rep\u00e8res, Auteur: Cliquez ici pour lire l&rsquo;article depuis sa source.<\/p>\n","protected":false},"author":1741,"featured_media":0,"comment_status":"closed","ping_status":"closed","sticky":false,"template":"","format":"standard","meta":{"fifu_image_url":"","fifu_image_alt":"","footnotes":""},"categories":[73,53],"tags":[],"class_list":["post-126332","post","type-post","status-publish","format-standard","hentry","category-actualite","category-algerie"],"_links":{"self":[{"href":"https:\/\/linitiative.ca\/International\/wp-json\/wp\/v2\/posts\/126332","targetHints":{"allow":["GET"]}}],"collection":[{"href":"https:\/\/linitiative.ca\/International\/wp-json\/wp\/v2\/posts"}],"about":[{"href":"https:\/\/linitiative.ca\/International\/wp-json\/wp\/v2\/types\/post"}],"author":[{"embeddable":true,"href":"https:\/\/linitiative.ca\/International\/wp-json\/wp\/v2\/users\/1741"}],"replies":[{"embeddable":true,"href":"https:\/\/linitiative.ca\/International\/wp-json\/wp\/v2\/comments?post=126332"}],"version-history":[{"count":0,"href":"https:\/\/linitiative.ca\/International\/wp-json\/wp\/v2\/posts\/126332\/revisions"}],"wp:attachment":[{"href":"https:\/\/linitiative.ca\/International\/wp-json\/wp\/v2\/media?parent=126332"}],"wp:term":[{"taxonomy":"category","embeddable":true,"href":"https:\/\/linitiative.ca\/International\/wp-json\/wp\/v2\/categories?post=126332"},{"taxonomy":"post_tag","embeddable":true,"href":"https:\/\/linitiative.ca\/International\/wp-json\/wp\/v2\/tags?post=126332"}],"curies":[{"name":"wp","href":"https:\/\/api.w.org\/{rel}","templated":true}]}}