{"id":126336,"date":"2021-09-07T06:00:00","date_gmt":"2021-09-07T10:00:00","guid":{"rendered":"https:\/\/linitiative.ca\/International\/formations-regionales\/"},"modified":"2021-09-07T06:00:00","modified_gmt":"2021-09-07T10:00:00","slug":"formations-regionales","status":"publish","type":"post","link":"https:\/\/linitiative.ca\/International\/formations-regionales\/","title":{"rendered":"Formations r\u00e9gionales"},"content":{"rendered":"<div>La F\u00e9d\u00e9ration alg\u00e9rienne de football entamera, d\u00e8s la semaine prochaine, une s\u00e9rie de stages de formation de la licence CAF.B, destin\u00e9e aux entra\u00eeneurs des r\u00e9gions est, centre et ouest. Et c\u2019est \u00e0 Batna que se d\u00e9roulera<\/div>\n<p>Auteur:<br \/>\n<a href=\"https:\/\/www.lesoirdalgerie.com\/periscoop\/formations-regionales-67076\">Cliquez ici pour lire l&rsquo;article depuis sa source.<\/a><\/p>\n","protected":false},"excerpt":{"rendered":"<p>La F\u00e9d\u00e9ration alg\u00e9rienne de football entamera, d\u00e8s la semaine prochaine, une s\u00e9rie de stages de formation de la licence CAF.B, destin\u00e9e aux entra\u00eeneurs des r\u00e9gions est, centre et ouest. Et c\u2019est \u00e0 Batna que se d\u00e9roulera Auteur: Cliquez ici pour lire l&rsquo;article depuis sa source.<\/p>\n","protected":false},"author":1741,"featured_media":0,"comment_status":"closed","ping_status":"closed","sticky":false,"template":"","format":"standard","meta":{"fifu_image_url":"","fifu_image_alt":"","footnotes":""},"categories":[73,53],"tags":[],"class_list":["post-126336","post","type-post","status-publish","format-standard","hentry","category-actualite","category-algerie"],"_links":{"self":[{"href":"https:\/\/linitiative.ca\/International\/wp-json\/wp\/v2\/posts\/126336","targetHints":{"allow":["GET"]}}],"collection":[{"href":"https:\/\/linitiative.ca\/International\/wp-json\/wp\/v2\/posts"}],"about":[{"href":"https:\/\/linitiative.ca\/International\/wp-json\/wp\/v2\/types\/post"}],"author":[{"embeddable":true,"href":"https:\/\/linitiative.ca\/International\/wp-json\/wp\/v2\/users\/1741"}],"replies":[{"embeddable":true,"href":"https:\/\/linitiative.ca\/International\/wp-json\/wp\/v2\/comments?post=126336"}],"version-history":[{"count":0,"href":"https:\/\/linitiative.ca\/International\/wp-json\/wp\/v2\/posts\/126336\/revisions"}],"wp:attachment":[{"href":"https:\/\/linitiative.ca\/International\/wp-json\/wp\/v2\/media?parent=126336"}],"wp:term":[{"taxonomy":"category","embeddable":true,"href":"https:\/\/linitiative.ca\/International\/wp-json\/wp\/v2\/categories?post=126336"},{"taxonomy":"post_tag","embeddable":true,"href":"https:\/\/linitiative.ca\/International\/wp-json\/wp\/v2\/tags?post=126336"}],"curies":[{"name":"wp","href":"https:\/\/api.w.org\/{rel}","templated":true}]}}