{"id":126339,"date":"2021-09-07T12:13:20","date_gmt":"2021-09-07T16:13:20","guid":{"rendered":"https:\/\/linitiative.ca\/International\/deces-de-noubir-amaoui-ancien-secretaire-general-de-la-cdt\/"},"modified":"2021-09-07T12:13:20","modified_gmt":"2021-09-07T16:13:20","slug":"deces-de-noubir-amaoui-ancien-secretaire-general-de-la-cdt","status":"publish","type":"post","link":"https:\/\/linitiative.ca\/International\/deces-de-noubir-amaoui-ancien-secretaire-general-de-la-cdt\/","title":{"rendered":"D\u00e9c\u00e8s de Noubir Amaoui, ancien secr\u00e9taire g\u00e9n\u00e9ral de la CDT"},"content":{"rendered":"<div><img decoding=\"async\" width=\"640\" height=\"380\" src=\"https:\/\/linitiative.ca\/International\/wp-content\/uploads\/sites\/23\/2021\/09\/Noubir-Amaoui.jpeg\" class=\"attachment-post-thumbnail size-post-thumbnail wp-post-image\" alt=\"\" loading=\"lazy\" srcset=\"https:\/\/linitiative.ca\/International\/wp-content\/uploads\/sites\/23\/2021\/09\/Noubir-Amaoui.jpeg 640w, https:\/\/www.challenge.ma\/wp-content\/uploads\/2021\/09\/Noubir-Amaoui-300x178.jpeg 300w, https:\/\/www.challenge.ma\/wp-content\/uploads\/2021\/09\/Noubir-Amaoui-360x214.jpeg 360w\" sizes=\"auto, (max-width: 640px) 100vw, 640px\" itemprop=\"image\">blanca, a-t-on appris aupr\u00e8s de la centrale syndicale. Le regrett\u00e9 \u00e9tait \u00ab\u00a0un nationaliste, un grand militant et un leader syndicaliste et politique qui a beaucoup donn\u00e9 pour son pays\u00a0\u00bb, a d\u00e9plor\u00e9 le secr\u00e9taire g\u00e9n\u00e9ral adjoint de la CDT, Houir Alami. Houir Alami a rappel\u00e9 les positions du d\u00e9funt en d\u00e9fense<\/div>\n<p>Auteur: challenge<br \/>\n<a href=\"https:\/\/www.challenge.ma\/deces-de-noubir-amaoui-ancien-secretaire-general-de-la-cdt-197781\/\">Cliquez ici pour lire l&rsquo;article depuis sa source.<\/a><\/p>\n","protected":false},"excerpt":{"rendered":"<p>blanca, a-t-on appris aupr\u00e8s de la centrale syndicale. Le regrett\u00e9 \u00e9tait \u00ab\u00a0un nationaliste, un grand militant et un leader syndicaliste et politique qui a beaucoup donn\u00e9 pour son pays\u00a0\u00bb, a d\u00e9plor\u00e9 le secr\u00e9taire g\u00e9n\u00e9ral adjoint de la CDT, Houir Alami. Houir Alami a rappel\u00e9 les positions du d\u00e9funt en d\u00e9fense Auteur: challenge Cliquez ici pour [&hellip;]<\/p>\n","protected":false},"author":1787,"featured_media":0,"comment_status":"closed","ping_status":"closed","sticky":false,"template":"","format":"standard","meta":{"fifu_image_url":"https:\/\/www.challenge.ma\/wp-content\/uploads\/2021\/09\/Noubir-Amaoui.jpeg","fifu_image_alt":"D\u00e9c\u00e8s de Noubir Amaoui, ancien secr\u00e9taire g\u00e9n\u00e9ral de la CDT","footnotes":""},"categories":[78,54],"tags":[],"class_list":["post-126339","post","type-post","status-publish","format-standard","hentry","category-economie","category-maroc"],"_links":{"self":[{"href":"https:\/\/linitiative.ca\/International\/wp-json\/wp\/v2\/posts\/126339","targetHints":{"allow":["GET"]}}],"collection":[{"href":"https:\/\/linitiative.ca\/International\/wp-json\/wp\/v2\/posts"}],"about":[{"href":"https:\/\/linitiative.ca\/International\/wp-json\/wp\/v2\/types\/post"}],"author":[{"embeddable":true,"href":"https:\/\/linitiative.ca\/International\/wp-json\/wp\/v2\/users\/1787"}],"replies":[{"embeddable":true,"href":"https:\/\/linitiative.ca\/International\/wp-json\/wp\/v2\/comments?post=126339"}],"version-history":[{"count":0,"href":"https:\/\/linitiative.ca\/International\/wp-json\/wp\/v2\/posts\/126339\/revisions"}],"wp:attachment":[{"href":"https:\/\/linitiative.ca\/International\/wp-json\/wp\/v2\/media?parent=126339"}],"wp:term":[{"taxonomy":"category","embeddable":true,"href":"https:\/\/linitiative.ca\/International\/wp-json\/wp\/v2\/categories?post=126339"},{"taxonomy":"post_tag","embeddable":true,"href":"https:\/\/linitiative.ca\/International\/wp-json\/wp\/v2\/tags?post=126339"}],"curies":[{"name":"wp","href":"https:\/\/api.w.org\/{rel}","templated":true}]}}