{"id":126341,"date":"2021-09-07T12:27:03","date_gmt":"2021-09-07T16:27:03","guid":{"rendered":"https:\/\/linitiative.ca\/International\/elections-2021-au-maroc-la-reponse-a-vos-questions-avant-daller-voter\/"},"modified":"2021-09-07T12:27:03","modified_gmt":"2021-09-07T16:27:03","slug":"elections-2021-au-maroc-la-reponse-a-vos-questions-avant-daller-voter","status":"publish","type":"post","link":"https:\/\/linitiative.ca\/International\/elections-2021-au-maroc-la-reponse-a-vos-questions-avant-daller-voter\/","title":{"rendered":"Elections 2021 au Maroc. La r\u00e9ponse \u00e0 vos questions avant d\u2019aller voter"},"content":{"rendered":"<div><img decoding=\"async\" width=\"800\" height=\"500\" src=\"https:\/\/linitiative.ca\/International\/wp-content\/uploads\/sites\/23\/2021\/09\/electioons.jpg\" class=\"attachment-post-thumbnail size-post-thumbnail wp-post-image\" alt=\"\" loading=\"lazy\" srcset=\"https:\/\/linitiative.ca\/International\/wp-content\/uploads\/sites\/23\/2021\/09\/electioons.jpg 800w, https:\/\/www.challenge.ma\/wp-content\/uploads\/2021\/09\/electioons-300x188.jpg 300w, https:\/\/www.challenge.ma\/wp-content\/uploads\/2021\/09\/electioons-768x480.jpg 768w, https:\/\/www.challenge.ma\/wp-content\/uploads\/2021\/09\/electioons-360x225.jpg 360w, https:\/\/www.challenge.ma\/wp-content\/uploads\/2021\/09\/electioons-750x469.jpg 750w\" sizes=\"auto, (max-width: 800px) 100vw, 800px\" itemprop=\"image\">Les \u00e9lecteurs marocains se rendront mercredi aux urnes pour \u00e9lire les membres de la Chambre des repr\u00e9sentants, les membres des conseils communaux et d\u2019arrondissements, ainsi que ceux des conseils des r\u00e9gions, une \u00e9tape importante dans la consolidation de la pratique d\u00e9mocratique au Maroc. Le compte \u00e0 rebours touche \u00e0 sa<\/div>\n<p>Auteur: challenge<br \/>\n<a href=\"https:\/\/www.challenge.ma\/elections-ce-quil-faut-retenir-la-reponse-a-vos-questions-avant-daller-voter-197778\/\">Cliquez ici pour lire l&rsquo;article depuis sa source.<\/a><\/p>\n","protected":false},"excerpt":{"rendered":"<p>Les \u00e9lecteurs marocains se rendront mercredi aux urnes pour \u00e9lire les membres de la Chambre des repr\u00e9sentants, les membres des conseils communaux et d\u2019arrondissements, ainsi que ceux des conseils des r\u00e9gions, une \u00e9tape importante dans la consolidation de la pratique d\u00e9mocratique au Maroc. Le compte \u00e0 rebours touche \u00e0 sa Auteur: challenge Cliquez ici pour [&hellip;]<\/p>\n","protected":false},"author":1787,"featured_media":0,"comment_status":"closed","ping_status":"closed","sticky":false,"template":"","format":"standard","meta":{"fifu_image_url":"https:\/\/www.challenge.ma\/wp-content\/uploads\/2021\/09\/electioons.jpg","fifu_image_alt":"Elections 2021 au Maroc. La r\u00e9ponse \u00e0 vos questions avant d\u2019aller voter","footnotes":""},"categories":[78,54],"tags":[],"class_list":["post-126341","post","type-post","status-publish","format-standard","hentry","category-economie","category-maroc"],"_links":{"self":[{"href":"https:\/\/linitiative.ca\/International\/wp-json\/wp\/v2\/posts\/126341","targetHints":{"allow":["GET"]}}],"collection":[{"href":"https:\/\/linitiative.ca\/International\/wp-json\/wp\/v2\/posts"}],"about":[{"href":"https:\/\/linitiative.ca\/International\/wp-json\/wp\/v2\/types\/post"}],"author":[{"embeddable":true,"href":"https:\/\/linitiative.ca\/International\/wp-json\/wp\/v2\/users\/1787"}],"replies":[{"embeddable":true,"href":"https:\/\/linitiative.ca\/International\/wp-json\/wp\/v2\/comments?post=126341"}],"version-history":[{"count":0,"href":"https:\/\/linitiative.ca\/International\/wp-json\/wp\/v2\/posts\/126341\/revisions"}],"wp:attachment":[{"href":"https:\/\/linitiative.ca\/International\/wp-json\/wp\/v2\/media?parent=126341"}],"wp:term":[{"taxonomy":"category","embeddable":true,"href":"https:\/\/linitiative.ca\/International\/wp-json\/wp\/v2\/categories?post=126341"},{"taxonomy":"post_tag","embeddable":true,"href":"https:\/\/linitiative.ca\/International\/wp-json\/wp\/v2\/tags?post=126341"}],"curies":[{"name":"wp","href":"https:\/\/api.w.org\/{rel}","templated":true}]}}