{"id":126343,"date":"2021-09-07T13:39:04","date_gmt":"2021-09-07T17:39:04","guid":{"rendered":"https:\/\/linitiative.ca\/International\/maroc-les-nouvelles-dacia-sandero-desormais-commercialisees\/"},"modified":"2021-09-07T13:39:04","modified_gmt":"2021-09-07T17:39:04","slug":"maroc-les-nouvelles-dacia-sandero-desormais-commercialisees","status":"publish","type":"post","link":"https:\/\/linitiative.ca\/International\/maroc-les-nouvelles-dacia-sandero-desormais-commercialisees\/","title":{"rendered":"Maroc. Les nouvelles Dacia Sandero d\u00e9sormais commercialis\u00e9es"},"content":{"rendered":"<div><img decoding=\"async\" width=\"541\" height=\"301\" src=\"https:\/\/linitiative.ca\/International\/wp-content\/uploads\/sites\/23\/2021\/09\/Dacia-les-deux.jpg\" class=\"attachment-post-thumbnail size-post-thumbnail wp-post-image\" alt=\"\" loading=\"lazy\" srcset=\"https:\/\/linitiative.ca\/International\/wp-content\/uploads\/sites\/23\/2021\/09\/Dacia-les-deux.jpg 541w, https:\/\/www.challenge.ma\/wp-content\/uploads\/2021\/09\/Dacia-les-deux-300x167.jpg 300w, https:\/\/www.challenge.ma\/wp-content\/uploads\/2021\/09\/Dacia-les-deux-360x200.jpg 360w\" sizes=\"auto, (max-width: 541px) 100vw, 541px\" itemprop=\"image\">Dacia Maroc vient fra\u00eechement de d\u00e9voiler dans le Royaume les nouvelles Sandero Streetway et Sandero Stepway. Fabriqu\u00e9e \u00e0 l\u2019usine de la Somaca \u00e0 Casablanca, cette troisi\u00e8me g\u00e9n\u00e9ration du mod\u00e8le a \u00e9t\u00e9 compl\u00e8tement revisit\u00e9e comme en t\u00e9moigne son design modernis\u00e9, sans parler de sa dotation technique qui, pour l\u2019occasion, est mont\u00e9e<\/div>\n<p>Auteur: David J\u00e9r\u00e9mie<br \/>\n<a href=\"https:\/\/www.challenge.ma\/maroc-les-nouvelles-dacia-sandero-desormais-commercialisees-197790\/\">Cliquez ici pour lire l&rsquo;article depuis sa source.<\/a><\/p>\n","protected":false},"excerpt":{"rendered":"<p>Dacia Maroc vient fra\u00eechement de d\u00e9voiler dans le Royaume les nouvelles Sandero Streetway et Sandero Stepway. Fabriqu\u00e9e \u00e0 l\u2019usine de la Somaca \u00e0 Casablanca, cette troisi\u00e8me g\u00e9n\u00e9ration du mod\u00e8le a \u00e9t\u00e9 compl\u00e8tement revisit\u00e9e comme en t\u00e9moigne son design modernis\u00e9, sans parler de sa dotation technique qui, pour l\u2019occasion, est mont\u00e9e Auteur: David J\u00e9r\u00e9mie Cliquez ici [&hellip;]<\/p>\n","protected":false},"author":1787,"featured_media":0,"comment_status":"closed","ping_status":"closed","sticky":false,"template":"","format":"standard","meta":{"fifu_image_url":"https:\/\/www.challenge.ma\/wp-content\/uploads\/2021\/09\/Dacia-les-deux.jpg","fifu_image_alt":"Maroc. Les nouvelles Dacia Sandero d\u00e9sormais commercialis\u00e9es","footnotes":""},"categories":[78,54],"tags":[],"class_list":["post-126343","post","type-post","status-publish","format-standard","hentry","category-economie","category-maroc"],"_links":{"self":[{"href":"https:\/\/linitiative.ca\/International\/wp-json\/wp\/v2\/posts\/126343","targetHints":{"allow":["GET"]}}],"collection":[{"href":"https:\/\/linitiative.ca\/International\/wp-json\/wp\/v2\/posts"}],"about":[{"href":"https:\/\/linitiative.ca\/International\/wp-json\/wp\/v2\/types\/post"}],"author":[{"embeddable":true,"href":"https:\/\/linitiative.ca\/International\/wp-json\/wp\/v2\/users\/1787"}],"replies":[{"embeddable":true,"href":"https:\/\/linitiative.ca\/International\/wp-json\/wp\/v2\/comments?post=126343"}],"version-history":[{"count":0,"href":"https:\/\/linitiative.ca\/International\/wp-json\/wp\/v2\/posts\/126343\/revisions"}],"wp:attachment":[{"href":"https:\/\/linitiative.ca\/International\/wp-json\/wp\/v2\/media?parent=126343"}],"wp:term":[{"taxonomy":"category","embeddable":true,"href":"https:\/\/linitiative.ca\/International\/wp-json\/wp\/v2\/categories?post=126343"},{"taxonomy":"post_tag","embeddable":true,"href":"https:\/\/linitiative.ca\/International\/wp-json\/wp\/v2\/tags?post=126343"}],"curies":[{"name":"wp","href":"https:\/\/api.w.org\/{rel}","templated":true}]}}