{"id":126347,"date":"2021-09-07T15:46:56","date_gmt":"2021-09-07T19:46:56","guid":{"rendered":"https:\/\/linitiative.ca\/International\/tunisie-la-deputee-lilia-bellil-refuse-de-representer-ghannouchi-dans-le-congres-mondial-des-parlements\/"},"modified":"2021-09-07T15:46:56","modified_gmt":"2021-09-07T19:46:56","slug":"tunisie-la-deputee-lilia-bellil-refuse-de-representer-ghannouchi-dans-le-congres-mondial-des-parlements","status":"publish","type":"post","link":"https:\/\/linitiative.ca\/International\/tunisie-la-deputee-lilia-bellil-refuse-de-representer-ghannouchi-dans-le-congres-mondial-des-parlements\/","title":{"rendered":"Tunisie \u2013 La d\u00e9put\u00e9e Lilia Bellil refuse de repr\u00e9senter Ghannouchi dans le congr\u00e8s mondial des parlements"},"content":{"rendered":"<div>\n<p>La d\u00e9put\u00e9e gel\u00e9e d\u00e9missionnaire, il y a un an, du bloc de 9alb Tounes, Lilia Bellil, a assur\u00e9 ce mardi qu\u2019elle a d\u00e9clin\u00e9 une demande qui lui est parvenue de l\u2019ARP, pour repr\u00e9senter Rached Ghannouchi au congr\u00e8s mondial des parlements qui se tient \u00e0 Vienne. Elle a expliqu\u00e9 qu\u2019elle refuse de repr\u00e9senter Rached Ghannouchi contre [\u2026]<\/p>\n<p>L\u2019article <a href=\"https:\/\/www.tunisienumerique.com\/tunisie-la-deputee-lilia-bellil-refuse-de-representer-ghannouchi-dans-le-congres-mondial-des-parlements\/\">Tunisie \u2013 La d\u00e9put\u00e9e Lilia Bellil refuse de repr\u00e9senter Ghannouchi dans le congr\u00e8s mondial des parlements<\/a> est apparu en premier sur <a href=\"https:\/\/www.tunisienumerique.com\/\">Tunisie<\/a>.<\/p>\n<\/div>\n<p>Auteur: LM<br \/>\n<a href=\"https:\/\/www.tunisienumerique.com\/tunisie-la-deputee-lilia-bellil-refuse-de-representer-ghannouchi-dans-le-congres-mondial-des-parlements\/\">Cliquez ici pour lire l&rsquo;article depuis sa source.<\/a><\/p>\n","protected":false},"excerpt":{"rendered":"<p>La d\u00e9put\u00e9e gel\u00e9e d\u00e9missionnaire, il y a un an, du bloc de 9alb Tounes, Lilia Bellil, a assur\u00e9 ce mardi qu\u2019elle a d\u00e9clin\u00e9 une demande qui lui est parvenue de l\u2019ARP, pour repr\u00e9senter Rached Ghannouchi au congr\u00e8s mondial des parlements qui se tient \u00e0 Vienne. Elle a expliqu\u00e9 qu\u2019elle refuse de repr\u00e9senter Rached Ghannouchi contre [&hellip;]<\/p>\n","protected":false},"author":1789,"featured_media":0,"comment_status":"closed","ping_status":"closed","sticky":false,"template":"","format":"standard","meta":{"fifu_image_url":"","fifu_image_alt":"","footnotes":""},"categories":[73,55],"tags":[],"class_list":["post-126347","post","type-post","status-publish","format-standard","hentry","category-actualite","category-tunisie"],"_links":{"self":[{"href":"https:\/\/linitiative.ca\/International\/wp-json\/wp\/v2\/posts\/126347","targetHints":{"allow":["GET"]}}],"collection":[{"href":"https:\/\/linitiative.ca\/International\/wp-json\/wp\/v2\/posts"}],"about":[{"href":"https:\/\/linitiative.ca\/International\/wp-json\/wp\/v2\/types\/post"}],"author":[{"embeddable":true,"href":"https:\/\/linitiative.ca\/International\/wp-json\/wp\/v2\/users\/1789"}],"replies":[{"embeddable":true,"href":"https:\/\/linitiative.ca\/International\/wp-json\/wp\/v2\/comments?post=126347"}],"version-history":[{"count":0,"href":"https:\/\/linitiative.ca\/International\/wp-json\/wp\/v2\/posts\/126347\/revisions"}],"wp:attachment":[{"href":"https:\/\/linitiative.ca\/International\/wp-json\/wp\/v2\/media?parent=126347"}],"wp:term":[{"taxonomy":"category","embeddable":true,"href":"https:\/\/linitiative.ca\/International\/wp-json\/wp\/v2\/categories?post=126347"},{"taxonomy":"post_tag","embeddable":true,"href":"https:\/\/linitiative.ca\/International\/wp-json\/wp\/v2\/tags?post=126347"}],"curies":[{"name":"wp","href":"https:\/\/api.w.org\/{rel}","templated":true}]}}