{"id":126350,"date":"2021-09-07T17:10:57","date_gmt":"2021-09-07T21:10:57","guid":{"rendered":"https:\/\/linitiative.ca\/International\/alerte-le-variant-mu-du-covid-circule-en-turquie\/"},"modified":"2021-09-07T17:10:57","modified_gmt":"2021-09-07T21:10:57","slug":"alerte-le-variant-mu-du-covid-circule-en-turquie","status":"publish","type":"post","link":"https:\/\/linitiative.ca\/International\/alerte-le-variant-mu-du-covid-circule-en-turquie\/","title":{"rendered":"Alerte\u00a0: Le variant \u00ab\u00a0Mu\u00a0\u00bb du covid circule en Turquie\u00a0!"},"content":{"rendered":"<div>\n<p>Le ministre de la sant\u00e9 turc a annonc\u00e9, ce mardi, la d\u00e9tection dur le territoire turc, de deux cas d\u2019infection au variant \u00ab\u00a0Mu\u00a0\u00bb du covid. Ce variant est tr\u00e8s virulent et \u00e0 extension rapide, en plus du fait qu\u2019il semble insensible aux vaccins utilis\u00e9s actuellement. Malgr\u00e9 ces deux cas, le ministre turc a assur\u00e9 que [\u2026]<\/p>\n<p>L\u2019article <a href=\"https:\/\/www.tunisienumerique.com\/alerte-le-variant-mu-du-covid-circule-en-turquie\/\">Alerte\u00a0: Le variant \u00ab\u00a0Mu\u00a0\u00bb du covid circule en Turquie\u00a0!<\/a> est apparu en premier sur <a href=\"https:\/\/www.tunisienumerique.com\/\">Tunisie<\/a>.<\/p>\n<\/div>\n<p>Auteur: LM<br \/>\n<a href=\"https:\/\/www.tunisienumerique.com\/alerte-le-variant-mu-du-covid-circule-en-turquie\/\">Cliquez ici pour lire l&rsquo;article depuis sa source.<\/a><\/p>\n","protected":false},"excerpt":{"rendered":"<p>Le ministre de la sant\u00e9 turc a annonc\u00e9, ce mardi, la d\u00e9tection dur le territoire turc, de deux cas d\u2019infection au variant \u00ab\u00a0Mu\u00a0\u00bb du covid. Ce variant est tr\u00e8s virulent et \u00e0 extension rapide, en plus du fait qu\u2019il semble insensible aux vaccins utilis\u00e9s actuellement. Malgr\u00e9 ces deux cas, le ministre turc a assur\u00e9 que [&hellip;]<\/p>\n","protected":false},"author":1789,"featured_media":0,"comment_status":"closed","ping_status":"closed","sticky":false,"template":"","format":"standard","meta":{"fifu_image_url":"","fifu_image_alt":"","footnotes":""},"categories":[73,55],"tags":[],"class_list":["post-126350","post","type-post","status-publish","format-standard","hentry","category-actualite","category-tunisie"],"_links":{"self":[{"href":"https:\/\/linitiative.ca\/International\/wp-json\/wp\/v2\/posts\/126350","targetHints":{"allow":["GET"]}}],"collection":[{"href":"https:\/\/linitiative.ca\/International\/wp-json\/wp\/v2\/posts"}],"about":[{"href":"https:\/\/linitiative.ca\/International\/wp-json\/wp\/v2\/types\/post"}],"author":[{"embeddable":true,"href":"https:\/\/linitiative.ca\/International\/wp-json\/wp\/v2\/users\/1789"}],"replies":[{"embeddable":true,"href":"https:\/\/linitiative.ca\/International\/wp-json\/wp\/v2\/comments?post=126350"}],"version-history":[{"count":0,"href":"https:\/\/linitiative.ca\/International\/wp-json\/wp\/v2\/posts\/126350\/revisions"}],"wp:attachment":[{"href":"https:\/\/linitiative.ca\/International\/wp-json\/wp\/v2\/media?parent=126350"}],"wp:term":[{"taxonomy":"category","embeddable":true,"href":"https:\/\/linitiative.ca\/International\/wp-json\/wp\/v2\/categories?post=126350"},{"taxonomy":"post_tag","embeddable":true,"href":"https:\/\/linitiative.ca\/International\/wp-json\/wp\/v2\/tags?post=126350"}],"curies":[{"name":"wp","href":"https:\/\/api.w.org\/{rel}","templated":true}]}}