{"id":126355,"date":"2021-09-07T16:04:15","date_gmt":"2021-09-07T20:04:15","guid":{"rendered":"https:\/\/linitiative.ca\/International\/burkina-mali-une-vision-commune-contre-le-terrorisme\/"},"modified":"2021-09-07T16:04:15","modified_gmt":"2021-09-07T20:04:15","slug":"burkina-mali-une-vision-commune-contre-le-terrorisme","status":"publish","type":"post","link":"https:\/\/linitiative.ca\/International\/burkina-mali-une-vision-commune-contre-le-terrorisme\/","title":{"rendered":"Burkina-Mali  : une vision commune contre  le terrorisme"},"content":{"rendered":"<div>\n<p><strong>Le Pr\u00e9sident du Faso, Roch Marc Christian Kabor\u00e9, a re\u00e7u en audience, le ministre de la D\u00e9fense du Mali, le colonel Sadio Camara, le mardi 7 septembre 2021 \u00e0 Kosyam. La lutte contre l\u2019ins\u00e9curit\u00e9 a \u00e9t\u00e9 le principal sujet de cette rencontre. <\/strong><\/p>\n<p>La lutte contre le terrorisme est un d\u00e9fi commun au Burkina Faso et au Mali et la r\u00e9ponse \u00e0 ce probl\u00e8me doit \u00eatre globale. C\u2019est la conviction du Pr\u00e9sident de la transition malienne, Assimi Go\u00efta, qui a de ce fait d\u00e9p\u00each\u00e9 son ministre de la D\u00e9fense, le colonel Sadio Camara, aupr\u00e8s du Pr\u00e9sident du Faso, Roch Marc Christian Kabor\u00e9, pour \u00e9changer sur la question. Il a \u00e9t\u00e9 re\u00e7u en audience, hier mardi 7 septembre, au palais de Kosyam. \u00ab Je suis venu transmettre un message de fraternit\u00e9 du pr\u00e9sident de la transition malienne \u00e0 son fr\u00e8re et a\u00een\u00e9 Roch Marc Christian Kabor\u00e9.<\/p>\n<p>Nos deux Etats et au-del\u00e0, nos deux peuples fr\u00e8res, sont unis par l\u2019histoire et la g\u00e9ographie et se battent au quotidien contre des ennemis communs \u00e0 savoir le terrorisme et l\u2019obscurantisme. Notre objectif est donc de trouver ensemble une solution \u00e0 ce probl\u00e8me qui fait trop souffrir nos braves populations\u00bb, a-t-il confi\u00e9 \u00e0 sa sortie d\u2019audience. De ce qu\u2019il a dit, les pr\u00e9sident Go\u00efta et Kabor\u00e9 partagent la m\u00eame vision dans le cadre de la lutte contre le terrorisme et sont d\u00e9termin\u00e9s \u00e0 venir \u00e0 bout de ce ph\u00e9nom\u00e8ne pour le bonheur de leurs peuples respectifs. Pour ce faire, il a indiqu\u00e9 que des op\u00e9rations antiterroristes seront men\u00e9es conjointement par les deux Etats \u00ab dans les mois \u00e0 venir \u00bb. Selon le colonel Camara, ce volet de la coop\u00e9ration bilat\u00e9rale entre leurs pays a \u00e9t\u00e9 largement \u00e9voqu\u00e9 lors de son entretien avec le chef de l\u2019Etat burkinab\u00e8.<\/p>\n<p style=\"text-align: right\"><strong>Nad\u00e8ge YAMEOGO <\/strong><\/p>\n<p>L\u2019article <a rel=\"nofollow\" href=\"https:\/\/www.sidwaya.info\/blog\/2021\/09\/07\/burkina-mali-une-vision-commune-contre-le-terrorisme\/\">Burkina-Mali  : une vision commune contre  le terrorisme<\/a> est apparu en premier sur <a rel=\"nofollow\" href=\"https:\/\/www.sidwaya.info\/\">Quotidien Sidwaya<\/a>.<\/p>\n<\/div>\n<p>Auteur: BM. Sidwaya<br \/>\n<a href=\"https:\/\/www.sidwaya.info\/blog\/2021\/09\/07\/burkina-mali-une-vision-commune-contre-le-terrorisme\/\">Cliquez ici pour lire l&rsquo;article depuis sa source.<\/a><\/p>\n","protected":false},"excerpt":{"rendered":"<p>Le Pr\u00e9sident du Faso, Roch Marc Christian Kabor\u00e9, a re\u00e7u en audience, le ministre de la D\u00e9fense du Mali, le colonel Sadio Camara, le mardi 7 septembre 2021 \u00e0 Kosyam. La lutte contre l\u2019ins\u00e9curit\u00e9 a \u00e9t\u00e9 le principal sujet de cette rencontre. La lutte contre le terrorisme est un d\u00e9fi commun au Burkina Faso et [&hellip;]<\/p>\n","protected":false},"author":1816,"featured_media":0,"comment_status":"closed","ping_status":"closed","sticky":false,"template":"","format":"standard","meta":{"fifu_image_url":"","fifu_image_alt":"","footnotes":""},"categories":[73,81],"tags":[],"class_list":["post-126355","post","type-post","status-publish","format-standard","hentry","category-actualite","category-burkina-faso"],"_links":{"self":[{"href":"https:\/\/linitiative.ca\/International\/wp-json\/wp\/v2\/posts\/126355","targetHints":{"allow":["GET"]}}],"collection":[{"href":"https:\/\/linitiative.ca\/International\/wp-json\/wp\/v2\/posts"}],"about":[{"href":"https:\/\/linitiative.ca\/International\/wp-json\/wp\/v2\/types\/post"}],"author":[{"embeddable":true,"href":"https:\/\/linitiative.ca\/International\/wp-json\/wp\/v2\/users\/1816"}],"replies":[{"embeddable":true,"href":"https:\/\/linitiative.ca\/International\/wp-json\/wp\/v2\/comments?post=126355"}],"version-history":[{"count":0,"href":"https:\/\/linitiative.ca\/International\/wp-json\/wp\/v2\/posts\/126355\/revisions"}],"wp:attachment":[{"href":"https:\/\/linitiative.ca\/International\/wp-json\/wp\/v2\/media?parent=126355"}],"wp:term":[{"taxonomy":"category","embeddable":true,"href":"https:\/\/linitiative.ca\/International\/wp-json\/wp\/v2\/categories?post=126355"},{"taxonomy":"post_tag","embeddable":true,"href":"https:\/\/linitiative.ca\/International\/wp-json\/wp\/v2\/tags?post=126355"}],"curies":[{"name":"wp","href":"https:\/\/api.w.org\/{rel}","templated":true}]}}