{"id":126358,"date":"2021-09-07T16:16:54","date_gmt":"2021-09-07T20:16:54","guid":{"rendered":"https:\/\/linitiative.ca\/International\/reconciliation-nationale-larabie-saoudite-offre-ses-services-au-burkina-faso\/"},"modified":"2021-09-07T16:16:54","modified_gmt":"2021-09-07T20:16:54","slug":"reconciliation-nationale-larabie-saoudite-offre-ses-services-au-burkina-faso","status":"publish","type":"post","link":"https:\/\/linitiative.ca\/International\/reconciliation-nationale-larabie-saoudite-offre-ses-services-au-burkina-faso\/","title":{"rendered":"R\u00e9conciliation nationale : l\u2019Arabie saoudite offre ses services  au Burkina Faso"},"content":{"rendered":"<div>\n<p><strong>Le ministre d\u2019Etat, ministre aupr\u00e8s du pr\u00e9sident du Faso, charg\u00e9 de la R\u00e9conciliation nationale et de la Coh\u00e9sion sociale, Z\u00e9phirin Diabr\u00e9, a re\u00e7u en audience l\u2019ambassadeur du royaume d\u2019Arabie saoudite au Burkina Faso, Fahad Aldosari, le mardi 7 septembre 2021, \u00e0 Ouagadougou.<\/strong><\/p>\n<p>Le Burkina Faso pourrait s\u2019inspirer du syst\u00e8me de dialogue politique et de m\u00e9diation de l\u2019Arabie saoudite dans son processus de r\u00e9conciliation nationale. Au cours d\u2019une audience entre le ministre d\u2019Etat, ministre aupr\u00e8s du pr\u00e9sident du Faso, charg\u00e9 de la R\u00e9conciliation nationale et de la Coh\u00e9sion sociale, Z\u00e9phirin Diabr\u00e9 et l\u2019ambassadeur du royaume d\u2019Arabie saoudite au Burkina Faso, Fahad Aldosari, le mardi 7 septembre 2021, \u00e0 Ouagadougou, le sujet a \u00e9t\u00e9 abord\u00e9. Le diplomate saoudien a indiqu\u00e9 \u00eatre venu s\u2019impr\u00e9gner des r\u00e9alit\u00e9s du d\u00e9partement en charge de la r\u00e9conciliation nationale au Burkina Faso. \u00ab Je souhaite beaucoup de succ\u00e8s au ministre dans sa mission. L\u2019occasion nous a \u00e9t\u00e9 donn\u00e9e d\u2019aborder la coop\u00e9ration bilat\u00e9rale entre nos deux pays. L\u2019Arabie saoudite appuie le Burkina Faso dans plusieurs domaines.<\/p>\n<p>Nous allons davantage \u0153uvrer au renforcement des liens \u00bb, a d\u00e9clar\u00e9 Fahad Aldosari \u00e0 sa sortie d\u2019audience. Le ministre charg\u00e9 de la r\u00e9conciliation nationale, Z\u00e9phirin Diabr\u00e9, s\u2019est r\u00e9joui des \u00e9changes qu\u2019il a eus avec son h\u00f4te. \u00ab De mani\u00e8re plus pr\u00e9cise, notre entretien a port\u00e9 sur des questions li\u00e9es \u00e0 la mission de mon minist\u00e8re. L\u2019ambassadeur m\u2019a dit qu\u2019en Arabie saoudite, ils ont des centres d\u00e9di\u00e9s au dialogue politique et \u00e0 la m\u00e9diation. Je pense qu\u2019on pourra nouer un partenariat dans ce domaine \u00bb, a-t-il confi\u00e9.<\/p>\n<p>Il a indiqu\u00e9 qu\u2019il y a des exp\u00e9riences en mati\u00e8re de r\u00e9conciliation en Arabie saoudite qui peuvent \u00eatre \u00abutiles \u00bb au Burkina Faso. \u00abIl y a la d\u00e9-radicalisation des jeunes qui ont \u00e9t\u00e9 enr\u00f4l\u00e9s dans le terrorisme. Ils ont des centres d\u00e9di\u00e9s \u00e0 la d\u00e9-radicalisation. (\u2026) Ce sont des exp\u00e9riences qui peuvent nous aider dans ce que nous appelons la r\u00e9conciliation s\u00e9curitaire, notamment avec les jeunes burkinab\u00e8 qui se sont laiss\u00e9s entra\u00eener dans le terrorisme \u00bb, a d\u00e9taill\u00e9 le ministre. Au cours de leurs \u00e9changes, les deux personnalit\u00e9s ont abord\u00e9 les questions li\u00e9es \u00e0 l\u2019Islam radical. \u00abL\u2019Islam, tel qu\u2019il est v\u00e9cu en Arabie saoudite, n\u2019a rien \u00e0 voir avec ce que certains disent ici en faisant du terrorisme. Il y a des institutions qui pr\u00eachent le vrai Islam pour que des gens ne fassent pas la confusion. L\u2019Islam n\u2019a rien \u00e0 voir avec le terrorisme. Ce sont des domaines dans lesquels nous souhaitons \u00e9tablir une coop\u00e9ration dans un avenir tr\u00e8s proche \u00bb, a pr\u00e9cis\u00e9 Z\u00e9phirin Diabr\u00e9.<\/p>\n<p style=\"text-align: right\"><strong> Karim BADOLO <\/strong><\/p>\n<p style=\"text-align: right\"><strong>Aissata YAMEOGO (Stagiaire<\/strong>)<\/p>\n<p>L\u2019article <a rel=\"nofollow\" href=\"https:\/\/www.sidwaya.info\/blog\/2021\/09\/07\/reconciliation-nationale-larabie-saoudite-offre-ses-services-au-burkina-faso\/\">R\u00e9conciliation nationale : l\u2019Arabie saoudite offre ses services  au Burkina Faso<\/a> est apparu en premier sur <a rel=\"nofollow\" href=\"https:\/\/www.sidwaya.info\/\">Quotidien Sidwaya<\/a>.<\/p>\n<\/div>\n<p>Auteur: BM. Sidwaya<br \/>\n<a href=\"https:\/\/www.sidwaya.info\/blog\/2021\/09\/07\/reconciliation-nationale-larabie-saoudite-offre-ses-services-au-burkina-faso\/\">Cliquez ici pour lire l&rsquo;article depuis sa source.<\/a><\/p>\n","protected":false},"excerpt":{"rendered":"<p>Le ministre d\u2019Etat, ministre aupr\u00e8s du pr\u00e9sident du Faso, charg\u00e9 de la R\u00e9conciliation nationale et de la Coh\u00e9sion sociale, Z\u00e9phirin Diabr\u00e9, a re\u00e7u en audience l\u2019ambassadeur du royaume d\u2019Arabie saoudite au Burkina Faso, Fahad Aldosari, le mardi 7 septembre 2021, \u00e0 Ouagadougou. Le Burkina Faso pourrait s\u2019inspirer du syst\u00e8me de dialogue politique et de m\u00e9diation [&hellip;]<\/p>\n","protected":false},"author":1816,"featured_media":0,"comment_status":"closed","ping_status":"closed","sticky":false,"template":"","format":"standard","meta":{"fifu_image_url":"","fifu_image_alt":"","footnotes":""},"categories":[73,81],"tags":[],"class_list":["post-126358","post","type-post","status-publish","format-standard","hentry","category-actualite","category-burkina-faso"],"_links":{"self":[{"href":"https:\/\/linitiative.ca\/International\/wp-json\/wp\/v2\/posts\/126358","targetHints":{"allow":["GET"]}}],"collection":[{"href":"https:\/\/linitiative.ca\/International\/wp-json\/wp\/v2\/posts"}],"about":[{"href":"https:\/\/linitiative.ca\/International\/wp-json\/wp\/v2\/types\/post"}],"author":[{"embeddable":true,"href":"https:\/\/linitiative.ca\/International\/wp-json\/wp\/v2\/users\/1816"}],"replies":[{"embeddable":true,"href":"https:\/\/linitiative.ca\/International\/wp-json\/wp\/v2\/comments?post=126358"}],"version-history":[{"count":0,"href":"https:\/\/linitiative.ca\/International\/wp-json\/wp\/v2\/posts\/126358\/revisions"}],"wp:attachment":[{"href":"https:\/\/linitiative.ca\/International\/wp-json\/wp\/v2\/media?parent=126358"}],"wp:term":[{"taxonomy":"category","embeddable":true,"href":"https:\/\/linitiative.ca\/International\/wp-json\/wp\/v2\/categories?post=126358"},{"taxonomy":"post_tag","embeddable":true,"href":"https:\/\/linitiative.ca\/International\/wp-json\/wp\/v2\/tags?post=126358"}],"curies":[{"name":"wp","href":"https:\/\/api.w.org\/{rel}","templated":true}]}}