{"id":126359,"date":"2021-09-07T09:18:02","date_gmt":"2021-09-07T13:18:02","guid":{"rendered":"https:\/\/linitiative.ca\/International\/lonu-aux-cotes-de-la-sierra-leone-pour-renforcer-la-democratie\/"},"modified":"2021-09-07T09:18:02","modified_gmt":"2021-09-07T13:18:02","slug":"lonu-aux-cotes-de-la-sierra-leone-pour-renforcer-la-democratie","status":"publish","type":"post","link":"https:\/\/linitiative.ca\/International\/lonu-aux-cotes-de-la-sierra-leone-pour-renforcer-la-democratie\/","title":{"rendered":"L\u2019Onu aux c\u00f4t\u00e9s de la Sierra Leone pour renforcer la d\u00e9mocratie"},"content":{"rendered":"<div>\n<p><img loading=\"lazy\" decoding=\"async\" width=\"1200\" height=\"695\" src=\"https:\/\/linitiative.ca\/International\/wp-content\/uploads\/sites\/23\/2021\/09\/16310206828760.jpg\" class=\"attachment-post-thumbnail size-post-thumbnail wp-post-image\" alt=\"\" srcset=\"https:\/\/linitiative.ca\/International\/wp-content\/uploads\/sites\/23\/2021\/09\/16310206828760.jpg 1200w, https:\/\/www.journalducameroun.com\/wp-content\/uploads\/2021\/09\/16310206828760-300x174.jpg 300w, https:\/\/www.journalducameroun.com\/wp-content\/uploads\/2021\/09\/16310206828760-768x445.jpg 768w, https:\/\/www.journalducameroun.com\/wp-content\/uploads\/2021\/09\/16310206828760-1024x593.jpg 1024w, https:\/\/www.journalducameroun.com\/wp-content\/uploads\/2021\/09\/16310206828760-760x440.jpg 760w, https:\/\/www.journalducameroun.com\/wp-content\/uploads\/2021\/09\/16310206828760-600x348.jpg 600w\" sizes=\"auto, (max-width: 1200px) 100vw, 1200px\"><\/p>\n<p>Les Nations Unies r\u00e9affirment leur engagement \u00e0 soutenir la Sierra Leone dans ses \u00ab efforts inlassables \u00bb pour la d\u00e9mocratie.Achevant une visite dans ce petit pays ouest-africain parmi les plus pauvres de la plan\u00e8te et longtemps min\u00e9 par la guerre, le nouveau Repr\u00e9sentant sp\u00e9cial du Secr\u00e9taire G\u00e9n\u00e9ral et Chef du Bureau des Nations Unies pour l&rsquo;Afrique de l&rsquo;Ouest et le Sahel (Unowas), le Tchadien Mahamat Saleh Annadif, a d\u00e9clar\u00e9 dans un communiqu\u00e9 parvenu mardi \u00e0 APA que son institution allait soutenir Freetown \u00ab dans ses efforts inlassables pour consolider la r\u00e9conciliation nationale, la d\u00e9mocratie et le d\u00e9veloppement \u00bb.<\/p>\n<p>Dans la capitale sierra-l\u00e9onaise, M. Annadif a \u00e9t\u00e9 re\u00e7u par le pr\u00e9sident Julius Maada Bio. La visite du successeur du Ghan\u00e9en Mohamed Ibn Chambas, dont la mission a pris fin le 7 avril 2021, s&rsquo;inscrivait dans le cadre de sa tourn\u00e9e de familiarisation dans la sous-r\u00e9gion.<\/p>\n<p>Le site de l&rsquo;Unowas pr\u00e9sente son nouveau chef comme un homme qui poss\u00e8de une vaste exp\u00e9rience nationale et internationale ayant particip\u00e9 \u00e0 plusieurs processus de paix en Afrique, notamment au Niger, en R\u00e9publique centrafricaine et au Soudan. Avant de prendre ses nouvelles fonctions, l&rsquo;ancien ministre tchadien des Affaires \u00e9trang\u00e8res (1997-2003) \u00e9tait le Repr\u00e9sentant sp\u00e9cial du Secr\u00e9taire g\u00e9n\u00e9ral pour le Mali et Chef de la Mission multidimensionnelle int\u00e9gr\u00e9e des Nations Unies pour la stabilisation au Mali (Minusma) depuis 2015.<\/p>\n<p>Avec le chef de l&rsquo;Etat sierra-l\u00e9onais, il a discut\u00e9 d&rsquo;une \u00ab s\u00e9rie de questions nationales et r\u00e9gionales, y compris des moyens pour renforcer le partenariat entre les Nations Unies et Sierra Leone afin de mieux soutenir le pays \u00bb dans les trois volets \u00e9voqu\u00e9s. A savoir la consolidation des institutions d\u00e9mocratiques, des droits de l&rsquo;homme et du d\u00e9veloppement.<\/p>\n<p>Le diplomate tchadien \u00ab a \u00e9galement f\u00e9licit\u00e9 \u00bb le gouvernement et le peuple sierra-l\u00e9onais pour leur engagement \u00e0 consolider la r\u00e9conciliation nationale et a \u00ab encourag\u00e9 tous les acteurs \u00e0 maintenir le dialogue pour garantir des \u00e9lections g\u00e9n\u00e9rales pacifiques et inclusives en 2023 \u00bb.<\/p>\n<p>Petit pays d&rsquo;Afrique de l&rsquo;Ouest, la Sierra Leone a \u00e9t\u00e9 d\u00e9vast\u00e9e entre 1991 et 2002 par une guerre civile qui a fait plus de 50.000 morts. En 2016, une \u00e9tude parue dans le magazine \u00ab Science \u00bb montre que les actions men\u00e9es pour rapprocher les populations apr\u00e8s la guerre civile produisent parfois d\u00e9pression et anxi\u00e9t\u00e9.<\/p>\n<p>Cet article <a rel=\"nofollow\" href=\"https:\/\/www.journalducameroun.com\/lonu-aux-cotes-de-la-sierra-leone-pour-renforcer-la-democratie\/\">L\u2019Onu aux c\u00f4t\u00e9s de la Sierra Leone pour renforcer la d\u00e9mocratie<\/a> est apparu en premier sur <a rel=\"nofollow\" href=\"https:\/\/www.journalducameroun.com\/\">Journal du Cameroun<\/a>.<\/p>\n<\/div>\n<p>Auteur: APA News<br \/>\n<a href=\"https:\/\/www.journalducameroun.com\/lonu-aux-cotes-de-la-sierra-leone-pour-renforcer-la-democratie\/\">Cliquez ici pour lire l&rsquo;article depuis sa source.<\/a><\/p>\n","protected":false},"excerpt":{"rendered":"<p>Les Nations Unies r\u00e9affirment leur engagement \u00e0 soutenir la Sierra Leone dans ses \u00ab efforts inlassables \u00bb pour la d\u00e9mocratie.Achevant une visite dans ce petit pays ouest-africain parmi les plus pauvres de la plan\u00e8te et longtemps min\u00e9 par la guerre, le nouveau Repr\u00e9sentant sp\u00e9cial du Secr\u00e9taire G\u00e9n\u00e9ral et Chef du Bureau des Nations Unies pour [&hellip;]<\/p>\n","protected":false},"author":1965,"featured_media":0,"comment_status":"closed","ping_status":"closed","sticky":false,"template":"","format":"standard","meta":{"fifu_image_url":"https:\/\/www.journalducameroun.com\/wp-content\/uploads\/2021\/09\/16310206828760.jpg","fifu_image_alt":"L\u2019Onu aux c\u00f4t\u00e9s de la Sierra Leone pour renforcer la d\u00e9mocratie","footnotes":""},"categories":[73,82],"tags":[],"class_list":["post-126359","post","type-post","status-publish","format-standard","hentry","category-actualite","category-cameroun"],"_links":{"self":[{"href":"https:\/\/linitiative.ca\/International\/wp-json\/wp\/v2\/posts\/126359","targetHints":{"allow":["GET"]}}],"collection":[{"href":"https:\/\/linitiative.ca\/International\/wp-json\/wp\/v2\/posts"}],"about":[{"href":"https:\/\/linitiative.ca\/International\/wp-json\/wp\/v2\/types\/post"}],"author":[{"embeddable":true,"href":"https:\/\/linitiative.ca\/International\/wp-json\/wp\/v2\/users\/1965"}],"replies":[{"embeddable":true,"href":"https:\/\/linitiative.ca\/International\/wp-json\/wp\/v2\/comments?post=126359"}],"version-history":[{"count":0,"href":"https:\/\/linitiative.ca\/International\/wp-json\/wp\/v2\/posts\/126359\/revisions"}],"wp:attachment":[{"href":"https:\/\/linitiative.ca\/International\/wp-json\/wp\/v2\/media?parent=126359"}],"wp:term":[{"taxonomy":"category","embeddable":true,"href":"https:\/\/linitiative.ca\/International\/wp-json\/wp\/v2\/categories?post=126359"},{"taxonomy":"post_tag","embeddable":true,"href":"https:\/\/linitiative.ca\/International\/wp-json\/wp\/v2\/tags?post=126359"}],"curies":[{"name":"wp","href":"https:\/\/api.w.org\/{rel}","templated":true}]}}