{"id":126361,"date":"2021-09-07T11:18:02","date_gmt":"2021-09-07T15:18:02","guid":{"rendered":"https:\/\/linitiative.ca\/International\/covid-19-lethiopie-confirme-la-presence-du-variant-delta\/"},"modified":"2021-09-07T11:18:02","modified_gmt":"2021-09-07T15:18:02","slug":"covid-19-lethiopie-confirme-la-presence-du-variant-delta","status":"publish","type":"post","link":"https:\/\/linitiative.ca\/International\/covid-19-lethiopie-confirme-la-presence-du-variant-delta\/","title":{"rendered":"Covid-19 : l\u2019Ethiopie confirme la pr\u00e9sence du variant Delta"},"content":{"rendered":"<div>\n<p><img loading=\"lazy\" decoding=\"async\" width=\"250\" height=\"200\" src=\"https:\/\/linitiative.ca\/International\/wp-content\/uploads\/sites\/23\/2021\/09\/16310278829781.jpg\" class=\"attachment-post-thumbnail size-post-thumbnail wp-post-image\" alt=\"\"><\/p>\n<p>Les cas du variant Delta de la Covid-19 d\u00e9tect\u00e9s se propagent \u00e0 un taux beaucoup plus \u00e9lev\u00e9, a annonc\u00e9, ce mardi, la ministre de la Sant\u00e9, Mme Lia Tadesse.S&rsquo;exprimant lors d&rsquo;un point de presse, elle a d\u00e9clar\u00e9 que le nombre des nouvelles infections au coronavirus a augment\u00e9 rapidement et a tu\u00e9 de nombreuses personnes au cours des derni\u00e8res semaines.<\/p>\n<p>\u00ab Le nombre de patients atteints de la Covid-19 dans les unit\u00e9s de soins intensifs a \u00e9galement augment\u00e9 \u00e0 un rythme inqui\u00e9tant \u00bb, a ajout\u00e9 la ministre, exhortant du coup ses compatriotes \u00e0 respecter les mesures prises pour endiguer la pand\u00e9mie.<\/p>\n<p>\u00c0 ce jour, plus de 313.000 personnes ont contract\u00e9 la maladie en Ethiopie qui a fait 4.700 sont d\u00e9c\u00e8s.<\/p>\n<p>\u00ab Le variant Delta continue de se propager en Afrique, car la couverture vaccinale sur le continent reste faible \u00bb, a dit pour sa part, John Nkengasong, responsable des Centres africains de contr\u00f4le et de pr\u00e9vention des maladies, \u00e0 Johannesburg.<\/p>\n<p>Cet article <a rel=\"nofollow\" href=\"https:\/\/www.journalducameroun.com\/covid-19-lethiopie-confirme-la-presence-du-variant-delta\/\">Covid-19 : l\u2019Ethiopie confirme la pr\u00e9sence du variant Delta<\/a> est apparu en premier sur <a rel=\"nofollow\" href=\"https:\/\/www.journalducameroun.com\/\">Journal du Cameroun<\/a>.<\/p>\n<\/div>\n<p>Auteur: APA News<br \/>\n<a href=\"https:\/\/www.journalducameroun.com\/covid-19-lethiopie-confirme-la-presence-du-variant-delta\/\">Cliquez ici pour lire l&rsquo;article depuis sa source.<\/a><\/p>\n","protected":false},"excerpt":{"rendered":"<p>Les cas du variant Delta de la Covid-19 d\u00e9tect\u00e9s se propagent \u00e0 un taux beaucoup plus \u00e9lev\u00e9, a annonc\u00e9, ce mardi, la ministre de la Sant\u00e9, Mme Lia Tadesse.S&rsquo;exprimant lors d&rsquo;un point de presse, elle a d\u00e9clar\u00e9 que le nombre des nouvelles infections au coronavirus a augment\u00e9 rapidement et a tu\u00e9 de nombreuses personnes au [&hellip;]<\/p>\n","protected":false},"author":1965,"featured_media":0,"comment_status":"closed","ping_status":"closed","sticky":false,"template":"","format":"standard","meta":{"fifu_image_url":"https:\/\/www.journalducameroun.com\/wp-content\/uploads\/2021\/09\/16310278829781.jpg","fifu_image_alt":"Covid-19 : l\u2019Ethiopie confirme la pr\u00e9sence du variant Delta","footnotes":""},"categories":[73,82],"tags":[],"class_list":["post-126361","post","type-post","status-publish","format-standard","hentry","category-actualite","category-cameroun"],"_links":{"self":[{"href":"https:\/\/linitiative.ca\/International\/wp-json\/wp\/v2\/posts\/126361","targetHints":{"allow":["GET"]}}],"collection":[{"href":"https:\/\/linitiative.ca\/International\/wp-json\/wp\/v2\/posts"}],"about":[{"href":"https:\/\/linitiative.ca\/International\/wp-json\/wp\/v2\/types\/post"}],"author":[{"embeddable":true,"href":"https:\/\/linitiative.ca\/International\/wp-json\/wp\/v2\/users\/1965"}],"replies":[{"embeddable":true,"href":"https:\/\/linitiative.ca\/International\/wp-json\/wp\/v2\/comments?post=126361"}],"version-history":[{"count":0,"href":"https:\/\/linitiative.ca\/International\/wp-json\/wp\/v2\/posts\/126361\/revisions"}],"wp:attachment":[{"href":"https:\/\/linitiative.ca\/International\/wp-json\/wp\/v2\/media?parent=126361"}],"wp:term":[{"taxonomy":"category","embeddable":true,"href":"https:\/\/linitiative.ca\/International\/wp-json\/wp\/v2\/categories?post=126361"},{"taxonomy":"post_tag","embeddable":true,"href":"https:\/\/linitiative.ca\/International\/wp-json\/wp\/v2\/tags?post=126361"}],"curies":[{"name":"wp","href":"https:\/\/api.w.org\/{rel}","templated":true}]}}