{"id":126363,"date":"2021-09-07T13:13:59","date_gmt":"2021-09-07T17:13:59","guid":{"rendered":"https:\/\/linitiative.ca\/International\/cameroun-lunesco-et-les-anciens-lions-indomptables-se-mettent-en-equipe\/"},"modified":"2021-09-07T13:13:59","modified_gmt":"2021-09-07T17:13:59","slug":"cameroun-lunesco-et-les-anciens-lions-indomptables-se-mettent-en-equipe","status":"publish","type":"post","link":"https:\/\/linitiative.ca\/International\/cameroun-lunesco-et-les-anciens-lions-indomptables-se-mettent-en-equipe\/","title":{"rendered":"Cameroun: l\u2019Unesco et les anciens Lions indomptables se mettent en \u00e9quipe"},"content":{"rendered":"<div>\n<p><img loading=\"lazy\" decoding=\"async\" width=\"3961\" height=\"1965\" src=\"https:\/\/linitiative.ca\/International\/wp-content\/uploads\/sites\/23\/2021\/09\/Des-anciens-Lions-indomptables-au-tour-des-responsables-du-bureau-Afrque-centrale-de-lUnesco-2.jpg\" class=\"attachment-post-thumbnail size-post-thumbnail wp-post-image\" alt=\"\" srcset=\"https:\/\/linitiative.ca\/International\/wp-content\/uploads\/sites\/23\/2021\/09\/Des-anciens-Lions-indomptables-au-tour-des-responsables-du-bureau-Afrque-centrale-de-lUnesco-2.jpg 3961w, https:\/\/www.journalducameroun.com\/wp-content\/uploads\/2021\/09\/Des-anciens-Lions-indomptables-au-tour-des-responsables-du-bureau-Afrque-centrale-de-lUnesco-2-300x149.jpg 300w, https:\/\/www.journalducameroun.com\/wp-content\/uploads\/2021\/09\/Des-anciens-Lions-indomptables-au-tour-des-responsables-du-bureau-Afrque-centrale-de-lUnesco-2-768x381.jpg 768w, https:\/\/www.journalducameroun.com\/wp-content\/uploads\/2021\/09\/Des-anciens-Lions-indomptables-au-tour-des-responsables-du-bureau-Afrque-centrale-de-lUnesco-2-1024x508.jpg 1024w, https:\/\/www.journalducameroun.com\/wp-content\/uploads\/2021\/09\/Des-anciens-Lions-indomptables-au-tour-des-responsables-du-bureau-Afrque-centrale-de-lUnesco-2-887x440.jpg 887w, https:\/\/www.journalducameroun.com\/wp-content\/uploads\/2021\/09\/Des-anciens-Lions-indomptables-au-tour-des-responsables-du-bureau-Afrque-centrale-de-lUnesco-2-600x298.jpg 600w\" sizes=\"auto, (max-width: 3961px) 100vw, 3961px\"><\/p>\n<h5 style=\"text-align: justify;\"><span style=\"font-size: 12pt;\">L\u2019organisation internationale s\u2019est accord\u00e9e le 6 septembre 2021 avec les gloires du football national \u00a0pour un partenariat visant la promotion de l\u2019\u00e9ducation la science et la culture en Afrique centrale.<\/span><\/h5>\n<p style=\"text-align: justify;\"><span style=\"font-size: 12pt;\">Les<strong> anciens Lions indomptables<\/strong> r\u00e9pondent favorablement \u00e0 l\u2019appel de l\u2019<strong>Unesco<\/strong>. Ils s\u2019engagent \u00e0 ses c\u00f4t\u00e9s, pour notamment sensibiliser sur l\u2019importance de l\u2019\u00e9ducation, lutter contre les mariages pr\u00e9coces et l\u2019adh\u00e9sion aux groupes terroristes, accompagner les jeunes d\u00e9s\u0153uvr\u00e9s \u00a0pour leur insertion sociale, et promouvoir la sant\u00e9, le sport et la culture.<\/span><\/p>\n<p style=\"text-align: justify;\"><span style=\"font-size: 12pt;\">Le 6 septembre 2021 au cours d\u2019une visite de courtoisie au si\u00e8ge de l\u2019Unesco \u00e0 Yaound\u00e9, <strong>Ga\u00eblle D\u00e9borah Enganamouit, G\u00e9r\u00e9mi Sorel Njitap, Ebwele Bertin, Pierre Wome Nlend, Jean 2 Makoun, Bernadette Anong, Jean Claude Pagal<\/strong> et bien d\u2019autres, ont signifi\u00e9 \u00a0la disponibilit\u00e9 des gloires du football camerounais \u00e0 participer aux programmes de d\u00e9veloppement des 10 pays de la sous-r\u00e9gion Afrique centrale.<\/span><\/p>\n<p style=\"text-align: justify;\"><span style=\"font-size: 12pt;\">Ils se sont entretenus avec M. <strong>Salah Khaled,<\/strong> le Directeur du bureau r\u00e9gional de l\u2019Unesco et les Responsables des cinq secteurs des programmes de cette organisation que sont\u00a0: l\u2019\u00e9ducation, les sciences humaines et sociales, Culture, la Communication et l\u2019Information.<\/span><\/p>\n<p style=\"text-align: justify;\"><span style=\"font-size: 12pt;\">Les contours de la collaboration entre l\u2019Unesco et le Collectif des anciens Lions indomptables du football (Calif) seront explicit\u00e9s dans les prochains jours. Ce sera \u00e0 travers des s\u00e9ances de travail conjointes.<\/span><\/p>\n<p>Cet article <a rel=\"nofollow\" href=\"https:\/\/www.journalducameroun.com\/cameroun-lunesco-et-les-anciens-lions-indomptables-se-mettent-en-equipe\/\">Cameroun: l\u2019Unesco et les anciens Lions indomptables se mettent en \u00e9quipe<\/a> est apparu en premier sur <a rel=\"nofollow\" href=\"https:\/\/www.journalducameroun.com\/\">Journal du Cameroun<\/a>.<\/p>\n<\/div>\n<p>Auteur: Christian DJIMADEU<br \/>\n<a href=\"https:\/\/www.journalducameroun.com\/cameroun-lunesco-et-les-anciens-lions-indomptables-se-mettent-en-equipe\/\">Cliquez ici pour lire l&rsquo;article depuis sa source.<\/a><\/p>\n","protected":false},"excerpt":{"rendered":"<p>L\u2019organisation internationale s\u2019est accord\u00e9e le 6 septembre 2021 avec les gloires du football national \u00a0pour un partenariat visant la promotion de l\u2019\u00e9ducation la science et la culture en Afrique centrale. Les anciens Lions indomptables r\u00e9pondent favorablement \u00e0 l\u2019appel de l\u2019Unesco. Ils s\u2019engagent \u00e0 ses c\u00f4t\u00e9s, pour notamment sensibiliser sur l\u2019importance de l\u2019\u00e9ducation, lutter contre les [&hellip;]<\/p>\n","protected":false},"author":1965,"featured_media":0,"comment_status":"closed","ping_status":"closed","sticky":false,"template":"","format":"standard","meta":{"fifu_image_url":"https:\/\/www.journalducameroun.com\/wp-content\/uploads\/2021\/09\/Des-anciens-Lions-indomptables-au-tour-des-responsables-du-bureau-Afrque-centrale-de-lUnesco-2.jpg","fifu_image_alt":"Cameroun: l\u2019Unesco et les anciens Lions indomptables se mettent en \u00e9quipe","footnotes":""},"categories":[73,82],"tags":[],"class_list":["post-126363","post","type-post","status-publish","format-standard","hentry","category-actualite","category-cameroun"],"_links":{"self":[{"href":"https:\/\/linitiative.ca\/International\/wp-json\/wp\/v2\/posts\/126363","targetHints":{"allow":["GET"]}}],"collection":[{"href":"https:\/\/linitiative.ca\/International\/wp-json\/wp\/v2\/posts"}],"about":[{"href":"https:\/\/linitiative.ca\/International\/wp-json\/wp\/v2\/types\/post"}],"author":[{"embeddable":true,"href":"https:\/\/linitiative.ca\/International\/wp-json\/wp\/v2\/users\/1965"}],"replies":[{"embeddable":true,"href":"https:\/\/linitiative.ca\/International\/wp-json\/wp\/v2\/comments?post=126363"}],"version-history":[{"count":0,"href":"https:\/\/linitiative.ca\/International\/wp-json\/wp\/v2\/posts\/126363\/revisions"}],"wp:attachment":[{"href":"https:\/\/linitiative.ca\/International\/wp-json\/wp\/v2\/media?parent=126363"}],"wp:term":[{"taxonomy":"category","embeddable":true,"href":"https:\/\/linitiative.ca\/International\/wp-json\/wp\/v2\/categories?post=126363"},{"taxonomy":"post_tag","embeddable":true,"href":"https:\/\/linitiative.ca\/International\/wp-json\/wp\/v2\/tags?post=126363"}],"curies":[{"name":"wp","href":"https:\/\/api.w.org\/{rel}","templated":true}]}}