{"id":126365,"date":"2021-09-07T13:18:01","date_gmt":"2021-09-07T17:18:01","guid":{"rendered":"https:\/\/linitiative.ca\/International\/lutte-contre-les-pandemies-une-approche-inclusive-pronee\/"},"modified":"2021-09-07T13:18:01","modified_gmt":"2021-09-07T17:18:01","slug":"lutte-contre-les-pandemies-une-approche-inclusive-pronee","status":"publish","type":"post","link":"https:\/\/linitiative.ca\/International\/lutte-contre-les-pandemies-une-approche-inclusive-pronee\/","title":{"rendered":"Lutte contre les pand\u00e9mies : une approche inclusive pr\u00f4n\u00e9e"},"content":{"rendered":"<div>\n<p><img loading=\"lazy\" decoding=\"async\" width=\"355\" height=\"142\" src=\"https:\/\/linitiative.ca\/International\/wp-content\/uploads\/sites\/23\/2021\/09\/16310350811594.jpg\" class=\"attachment-post-thumbnail size-post-thumbnail wp-post-image\" alt=\"\" srcset=\"https:\/\/linitiative.ca\/International\/wp-content\/uploads\/sites\/23\/2021\/09\/16310350811594.jpg 355w, https:\/\/www.journalducameroun.com\/wp-content\/uploads\/2021\/09\/16310350811594-300x120.jpg 300w\" sizes=\"auto, (max-width: 355px) 100vw, 355px\"><\/p>\n<p>La pr\u00e9vention et la lutte contre les pand\u00e9mies doivent passer par l&rsquo;approche \u00ab Une Seule Sant\u00e9 \u00bb et une collaboration renforc\u00e9e, selon le Directeur g\u00e9n\u00e9ral de l&rsquo;Organisation des Nations Unies pour l&rsquo;Alimentation et l&rsquo;Agriculture (FAO, sigle anglais), Qu Dongyu.La solidarit\u00e9 doit \u00eatre de mise pour anticiper les crises sanitaires. Le Directeur g\u00e9n\u00e9ral de la FAO, M. Dongyu, en est en tout cas convaincu. A l&rsquo;en croire, \u00ab le monde a la possibilit\u00e9 de renforcer les m\u00e9thodes collectives et collaboratives visant \u00e0 pr\u00e9venir les pand\u00e9mies en misant sur une approche +Une Seule Sant\u00e9+ universelle et inclusive\u00a0\u00bb.<\/p>\n<p>S&rsquo;exprimant lors de la r\u00e9union des ministres de la Sant\u00e9 du G20 qui se d\u00e9roule \u00e0 Rome (Italie), il a soulign\u00e9 qu&rsquo;il fallait intensifier la coop\u00e9ration entre les pays, entre les secteurs et entre les disciplines pour mener une action viable et coordonn\u00e9e contre les pand\u00e9mies telle que la Covid-19.<\/p>\n<p>Qu Dongyu est intervenu au nom de l&rsquo;organisation qu&rsquo;il dirige, mais aussi en sa qualit\u00e9 de pr\u00e9sident de l&rsquo;alliance tripartite \u00ab Une Seule Sant\u00e9 \u00bb, qui r\u00e9unit la FAO, l&rsquo;Organisation mondiale de la Sant\u00e9 (OMS) et l&rsquo;Organisation mondiale de la sant\u00e9 animale (OIE). Celle-ci pr\u00e9conise des solutions fond\u00e9es sur l&rsquo;id\u00e9e d&rsquo;\u00ab Une seule sant\u00e9 \u00bb, c&rsquo;est-\u00e0-dire sur le lien qui existe entre la sant\u00e9 des personnes, celle des animaux et celle de l&rsquo;environnement.<\/p>\n<p>Par ailleurs, le Dg de la FAO a fait observer que l&rsquo;alliance tripartite consid\u00e9rait l&rsquo;universalit\u00e9, la l\u00e9gitimit\u00e9, l&rsquo;inclusivit\u00e9, la coh\u00e9rence et l&rsquo;obligation de rendre des comptes comme les cinq principes cardinaux qui sous-tendent une gouvernance plus solide et durable et l&rsquo;investissement dans les capacit\u00e9s de r\u00e9action et la riposte face aux pand\u00e9mies.<\/p>\n<p>\u00ab Nous devons profiter de ce tournant historique pour mettre en place les mesures n\u00e9cessaires pour emp\u00eacher l&rsquo;apparition de nouvelles pand\u00e9mies \u00bb, a d\u00e9clar\u00e9 le patron de la FAO.<\/p>\n<p>En outre, il a indiqu\u00e9 que l&rsquo;alliance tripartite avait des propositions quant au financement rapide des objectifs de l&rsquo;approche \u00ab Une Seule Sant\u00e9 \u00bb qui pourraient \u00eatre examin\u00e9es lors d&rsquo;une r\u00e9union minist\u00e9rielle conjointe des ministres des finances et des ministres de la sant\u00e9, en octobre 2021.<\/p>\n<p>Dans son allocution, le Directeur g\u00e9n\u00e9ral de la FAO a mis l&rsquo;accent sur les liens qui existent entre les syst\u00e8mes de sant\u00e9 et les syst\u00e8mes agroalimentaires et rappel\u00e9 que les bouleversements provoqu\u00e9s par la pand\u00e9mie au sein de ces derniers, qui sont essentiels \u00e0 la vie et \u00e0 la sant\u00e9 humaines, auraient des cons\u00e9quences durables.<\/p>\n<p>Dans le contexte de l&rsquo;approche \u00ab Une Seule Sant\u00e9 \u00bb, la FAO affirme \u0153uvrer sans rel\u00e2che pour aider ses membres \u00e0 pr\u00e9venir, rep\u00e9rer et ma\u00eetriser les maladies et autres menaces pour la sant\u00e9, o\u00f9 qu&rsquo;elles se manifestent. Cella en surveillant l&rsquo;apparition d&rsquo;une r\u00e9sistance aux antimicrobiens et en ex\u00e9cutant des programmes visant \u00e0 combattre et \u00e0 \u00e9radiquer les maladies animales et zoonotiques.<\/p>\n<p>L&rsquo;id\u00e9e d&rsquo;\u00ab Une seule sant\u00e9 \u00bb, reconnaissant les liens entre humains, animaux et environnement, s&rsquo;applique \u00e0 la lutte contre toutes les menaces pouvant peser sur les syst\u00e8mes agroalimentaires et les moyens d&rsquo;existence.<\/p>\n<p>Il s&rsquo;agit d&rsquo;un axe particuli\u00e8rement important dans les communaut\u00e9s agricoles en milieu rural, o\u00f9 les animaux sont utilis\u00e9s pour le transport, le carburant et les v\u00eatements, mais aussi pour l&rsquo;alimentation. L&rsquo;am\u00e9lioration de la nutrition, par exemple, a des effets b\u00e9n\u00e9fiques \u00e9vidents sur la sant\u00e9 humaine et peut \u00eatre li\u00e9e \u00e0 la gestion des terres et aux pratiques agricoles.<\/p>\n<p>\u00ab Les relations entre les syst\u00e8mes agroalimentaires et la sant\u00e9 de l&rsquo;environnement, la crise climatique, la d\u00e9gradation des \u00e9cosyst\u00e8mes et l&rsquo;appauvrissement de la biodiversit\u00e9 doivent aussi \u00eatre mises en \u00e9vidence \u00bb, a conclu Qu Dongyu.<\/p>\n<p>Cet article <a rel=\"nofollow\" href=\"https:\/\/www.journalducameroun.com\/lutte-contre-les-pandemies-une-approche-inclusive-pronee\/\">Lutte contre les pand\u00e9mies : une approche inclusive pr\u00f4n\u00e9e<\/a> est apparu en premier sur <a rel=\"nofollow\" href=\"https:\/\/www.journalducameroun.com\/\">Journal du Cameroun<\/a>.<\/p>\n<\/div>\n<p>Auteur: APA News<br \/>\n<a href=\"https:\/\/www.journalducameroun.com\/lutte-contre-les-pandemies-une-approche-inclusive-pronee\/\">Cliquez ici pour lire l&rsquo;article depuis sa source.<\/a><\/p>\n","protected":false},"excerpt":{"rendered":"<p>La pr\u00e9vention et la lutte contre les pand\u00e9mies doivent passer par l&rsquo;approche \u00ab Une Seule Sant\u00e9 \u00bb et une collaboration renforc\u00e9e, selon le Directeur g\u00e9n\u00e9ral de l&rsquo;Organisation des Nations Unies pour l&rsquo;Alimentation et l&rsquo;Agriculture (FAO, sigle anglais), Qu Dongyu.La solidarit\u00e9 doit \u00eatre de mise pour anticiper les crises sanitaires. Le Directeur g\u00e9n\u00e9ral de la FAO, [&hellip;]<\/p>\n","protected":false},"author":1965,"featured_media":0,"comment_status":"closed","ping_status":"closed","sticky":false,"template":"","format":"standard","meta":{"fifu_image_url":"https:\/\/www.journalducameroun.com\/wp-content\/uploads\/2021\/09\/16310350811594.jpg","fifu_image_alt":"Lutte contre les pand\u00e9mies : une approche inclusive pr\u00f4n\u00e9e","footnotes":""},"categories":[73,82],"tags":[],"class_list":["post-126365","post","type-post","status-publish","format-standard","hentry","category-actualite","category-cameroun"],"_links":{"self":[{"href":"https:\/\/linitiative.ca\/International\/wp-json\/wp\/v2\/posts\/126365","targetHints":{"allow":["GET"]}}],"collection":[{"href":"https:\/\/linitiative.ca\/International\/wp-json\/wp\/v2\/posts"}],"about":[{"href":"https:\/\/linitiative.ca\/International\/wp-json\/wp\/v2\/types\/post"}],"author":[{"embeddable":true,"href":"https:\/\/linitiative.ca\/International\/wp-json\/wp\/v2\/users\/1965"}],"replies":[{"embeddable":true,"href":"https:\/\/linitiative.ca\/International\/wp-json\/wp\/v2\/comments?post=126365"}],"version-history":[{"count":0,"href":"https:\/\/linitiative.ca\/International\/wp-json\/wp\/v2\/posts\/126365\/revisions"}],"wp:attachment":[{"href":"https:\/\/linitiative.ca\/International\/wp-json\/wp\/v2\/media?parent=126365"}],"wp:term":[{"taxonomy":"category","embeddable":true,"href":"https:\/\/linitiative.ca\/International\/wp-json\/wp\/v2\/categories?post=126365"},{"taxonomy":"post_tag","embeddable":true,"href":"https:\/\/linitiative.ca\/International\/wp-json\/wp\/v2\/tags?post=126365"}],"curies":[{"name":"wp","href":"https:\/\/api.w.org\/{rel}","templated":true}]}}