{"id":126367,"date":"2021-09-07T13:18:01","date_gmt":"2021-09-07T17:18:01","guid":{"rendered":"https:\/\/linitiative.ca\/International\/ouverture-de-la-13e-edition-du-femua-a-abidjan\/"},"modified":"2021-09-07T13:18:01","modified_gmt":"2021-09-07T17:18:01","slug":"ouverture-de-la-13e-edition-du-femua-a-abidjan","status":"publish","type":"post","link":"https:\/\/linitiative.ca\/International\/ouverture-de-la-13e-edition-du-femua-a-abidjan\/","title":{"rendered":"Ouverture de la 13e \u00e9dition du FEMUA \u00e0 Abidjan"},"content":{"rendered":"<div>\n<p><img loading=\"lazy\" decoding=\"async\" width=\"800\" height=\"533\" src=\"https:\/\/linitiative.ca\/International\/wp-content\/uploads\/sites\/23\/2021\/09\/16310350813453.jpg\" class=\"attachment-post-thumbnail size-post-thumbnail wp-post-image\" alt=\"\" srcset=\"https:\/\/linitiative.ca\/International\/wp-content\/uploads\/sites\/23\/2021\/09\/16310350813453.jpg 800w, https:\/\/www.journalducameroun.com\/wp-content\/uploads\/2021\/09\/16310350813453-300x200.jpg 300w, https:\/\/www.journalducameroun.com\/wp-content\/uploads\/2021\/09\/16310350813453-768x512.jpg 768w, https:\/\/www.journalducameroun.com\/wp-content\/uploads\/2021\/09\/16310350813453-660x440.jpg 660w, https:\/\/www.journalducameroun.com\/wp-content\/uploads\/2021\/09\/16310350813453-600x400.jpg 600w\" sizes=\"auto, (max-width: 800px) 100vw, 800px\"><\/p>\n<p>La 13e \u00e9dition du Festival des musiques urbaines d&rsquo;Anoumabo (FEMUA) s&rsquo;est ouverte mardi \u00e0 Abidjan autour du th\u00e8me \u00ab\u00a0Alliance Afrique-Europe: paix et d\u00e9veloppement\u00a0\u00bb, en pr\u00e9sence de diplomates, de ministres et des acteurs du monde culturel.<\/p>\n<p>\u00ab\u00a0Enfin, le FEMUA 13, cette \u00e9dition, nous l&rsquo;avons attendue. L&rsquo;\u00e9pid\u00e9mie de la Covid-19 nous a amen\u00e9 \u00e0 reporter ce FEMUA qui devrait avoir lieu depuis 2020 et \u00e0 l&rsquo;image du FEMUA c&rsquo;est toute la culture qui avait \u00e9t\u00e9 impact\u00e9e\u00a0\u00bb, a d\u00e9clar\u00e9 Traor\u00e9 Salif \u00a0dit \u00ab\u00a0A&rsquo;Salfo\u00a0\u00bb, le commissaire g\u00e9n\u00e9ral de l&rsquo;\u00e9v\u00e9nement.<\/p>\n<p>A&rsquo;Salfo, lead vocal du groupe ivoirien Magic System, a exprim\u00e9 son \u00ab\u00a0plaisir de relancer ce FEMUA\u00a0\u00bb qui pour lui caract\u00e9risera la reprise des actions culturelles, surtout du secteur de la musique en C\u00f4te d&rsquo;Ivoire, lors de la c\u00e9r\u00e9monie de lancement tenue \u00e0 Anoumabo, dans le Sud d&rsquo;Abidjan.\u00a0<\/p>\n<p>Anoumabo est un village de la commune de Marcory, qui a vu grandir les quatre magiciens, r\u00e9v\u00e9l\u00e9s au monde \u00e0 travers le titre \u00ab\u00a0Premier Gaou\u00a0\u00bb. Ce festival, qui chaque ann\u00e9e y prend son envol, est une marque de reconnaissance \u00e0 l&rsquo;endroit des siens.\u00a0<\/p>\n<p>Le d\u00e9put\u00e9-maire de Marcory, Aby Raoul, qui a accompagn\u00e9 le groupe Magic System dans son \u00e9lan, s&rsquo;est r\u00e9joui de ce que le village de Anoumabo est aujourd&rsquo;hui connu dans le monde gr\u00e2ce aux magiciens.\u00a0<\/p>\n<p>Ce FEMUA qui se tient dans un contexte de crise sanitaire de Covid-19 \u00ab\u00a0ne sera pas seulement un FEMUA de musique, il sera aussi un FEMUA de sensibilisation, et qui va appeler cette jeunesse qui est encore r\u00e9ticente \u00e0 se faire vacciner\u00a0\u00bb, a indiqu\u00e9 A&rsquo;Salfo.<\/p>\n<p>\u00ab\u00a0C&rsquo;est pourquoi, les dispositions ont \u00e9t\u00e9 prises au sein de l&rsquo;INJS (espace devant accueillir les festivit\u00e9s), pendant le FEMUA pour que les centres de vaccination soient install\u00e9s afin de permettre \u00e0 tous ceux qui voudraient se faire vacciner, de le faire en toute qui\u00e9tude\u00a0\u00bb, a-t-il ajout\u00e9.\u00a0<\/p>\n<p>La 13e \u00e9dition du FEMUA se tient du 7 au 12 septembre 2021 avec comme pays \u00e0 l&rsquo;honneur, le S\u00e9n\u00e9gal. Abidjan accueillera une partie des festivit\u00e9s et la ville baln\u00e9aire de Grand-Bassam, un autre volet du programme.\u00a0<\/p>\n<p>L&rsquo;une des innovations pour cette ann\u00e9e est la tenue des concerts pendant quatre jours. Les ann\u00e9es pr\u00e9c\u00e9dentes, le public avait droit \u00e0 deux jours de concerts \u00e0 Abidjan et une soir\u00e9e de concert d\u00e9localis\u00e9e.\u00a0<\/p>\n<p>Cette ann\u00e9e, l&rsquo;Union europ\u00e9enne (UE) f\u00eate ses 60 ans de coop\u00e9ration avec la C\u00f4te d&rsquo;Ivoire. L&rsquo;ambassadeur de l&rsquo;UE, Jobst Von Kirchmann, s&rsquo;est f\u00e9licit\u00e9 de ce que ce festival permet aussi aux jeunes d&rsquo;avoir acc\u00e8s \u00e0 des formations et des offres d&#8217;emplois.\u00a0<\/p>\n<p>Pendant ce festival, l&rsquo;Union europ\u00e9enne organisera des panels de haut niveau sur les diff\u00e9rentes coop\u00e9rations entre la C\u00f4te d&rsquo;Ivoire et l&rsquo;organisation. Ce qui devrait permettre aux jeunes de saisir les opportunit\u00e9s qu&rsquo;offre l&rsquo;institution dans le cadre de la formation.<\/p>\n<p>A l&rsquo;endroit des spectateurs du FEMUA et en particulier les jeunes, M. Jobst Von Kirchmann a lanc\u00e9 \u00ab\u00a0r\u00e9galez-vous avec cette vari\u00e9t\u00e9 de musiques, participez aux discussions sur les diff\u00e9rents th\u00e8mes, mais surtout appliquez toutes les mesures de lutte contre la Covid-19\u00a0\u00bb.<\/p>\n<p>Le ministre s\u00e9n\u00e9galais de la Culture et de la communication, Abdoulaye Diop, a assur\u00e9 que cette f\u00eate sera aussi celle des compatriotes r\u00e9sidents qui prendront part aux diff\u00e9rentes programmations artistiques.<\/p>\n<p>Le pays de la Teranga sera, apr\u00e8s le Burkina Faso, \u00e0 l&rsquo;honneur avec une journ\u00e9e \u00e0 lui consacrer qui se cl\u00f4turera par une soir\u00e9e s\u00e9n\u00e9galaise \u00e0 l&rsquo;Institut fran\u00e7ais de C\u00f4te d&rsquo;Ivoire. A cette occasion, le S\u00e9n\u00e9gal compte faire d\u00e9couvrir ses envol\u00e9es cultuelles.<\/p>\n<p>Le ministre ivoirien de la Culture, de l&rsquo;industrie des arts et du spectacle, Harlette Badou Nguessan, a renouvel\u00e9 toute sa satisfaction \u00e0 l&rsquo;endroit du groupe Magic System et assur\u00e9 du soutien du gouvernement \u00e0 l&rsquo;\u00e9v\u00e9nement.\u00a0<\/p>\n<p>La c\u00e9r\u00e9monie de lancement de l&rsquo;\u00e9dition 13 du FEMUA s&rsquo;est achev\u00e9e par une pose symbolique, \u00e0 l&rsquo;EPP Magic System d&rsquo;Anoumabo, de la premi\u00e8re pierre de deux \u00e9coles primaires qui seront construites par le Groupe, notamment \u00e0 Tanda (Est) et \u00e0 Vavoua (Ouest).\u00a0<\/p>\n<p>D\u00e8s ic\u00f4nes de la musique europ\u00e9enne et africaine ont \u00e9t\u00e9 invit\u00e9es pour ce festival. Une vingtaine d&rsquo;artistes est attendue, entre autres, Kofi Olomid\u00e9, Pape Diouf, David Carreira (Portugal), Mala Rodriguez (Espagne), Vegedream (France), Floby, Zahara (Afrique du Sud).<\/p>\n<p>Cet article <a rel=\"nofollow\" href=\"https:\/\/www.journalducameroun.com\/ouverture-de-la-13e-edition-du-femua-a-abidjan\/\">Ouverture de la 13e \u00e9dition du FEMUA \u00e0 Abidjan<\/a> est apparu en premier sur <a rel=\"nofollow\" href=\"https:\/\/www.journalducameroun.com\/\">Journal du Cameroun<\/a>.<\/p>\n<\/div>\n<p>Auteur: APA News<br \/>\n<a href=\"https:\/\/www.journalducameroun.com\/ouverture-de-la-13e-edition-du-femua-a-abidjan\/\">Cliquez ici pour lire l&rsquo;article depuis sa source.<\/a><\/p>\n","protected":false},"excerpt":{"rendered":"<p>La 13e \u00e9dition du Festival des musiques urbaines d&rsquo;Anoumabo (FEMUA) s&rsquo;est ouverte mardi \u00e0 Abidjan autour du th\u00e8me \u00ab\u00a0Alliance Afrique-Europe: paix et d\u00e9veloppement\u00a0\u00bb, en pr\u00e9sence de diplomates, de ministres et des acteurs du monde culturel. \u00ab\u00a0Enfin, le FEMUA 13, cette \u00e9dition, nous l&rsquo;avons attendue. L&rsquo;\u00e9pid\u00e9mie de la Covid-19 nous a amen\u00e9 \u00e0 reporter ce FEMUA [&hellip;]<\/p>\n","protected":false},"author":1965,"featured_media":0,"comment_status":"closed","ping_status":"closed","sticky":false,"template":"","format":"standard","meta":{"fifu_image_url":"https:\/\/www.journalducameroun.com\/wp-content\/uploads\/2021\/09\/16310350813453.jpg","fifu_image_alt":"Ouverture de la 13e \u00e9dition du FEMUA \u00e0 Abidjan","footnotes":""},"categories":[73,82],"tags":[],"class_list":["post-126367","post","type-post","status-publish","format-standard","hentry","category-actualite","category-cameroun"],"_links":{"self":[{"href":"https:\/\/linitiative.ca\/International\/wp-json\/wp\/v2\/posts\/126367","targetHints":{"allow":["GET"]}}],"collection":[{"href":"https:\/\/linitiative.ca\/International\/wp-json\/wp\/v2\/posts"}],"about":[{"href":"https:\/\/linitiative.ca\/International\/wp-json\/wp\/v2\/types\/post"}],"author":[{"embeddable":true,"href":"https:\/\/linitiative.ca\/International\/wp-json\/wp\/v2\/users\/1965"}],"replies":[{"embeddable":true,"href":"https:\/\/linitiative.ca\/International\/wp-json\/wp\/v2\/comments?post=126367"}],"version-history":[{"count":0,"href":"https:\/\/linitiative.ca\/International\/wp-json\/wp\/v2\/posts\/126367\/revisions"}],"wp:attachment":[{"href":"https:\/\/linitiative.ca\/International\/wp-json\/wp\/v2\/media?parent=126367"}],"wp:term":[{"taxonomy":"category","embeddable":true,"href":"https:\/\/linitiative.ca\/International\/wp-json\/wp\/v2\/categories?post=126367"},{"taxonomy":"post_tag","embeddable":true,"href":"https:\/\/linitiative.ca\/International\/wp-json\/wp\/v2\/tags?post=126367"}],"curies":[{"name":"wp","href":"https:\/\/api.w.org\/{rel}","templated":true}]}}