{"id":126369,"date":"2021-09-07T03:08:45","date_gmt":"2021-09-07T07:08:45","guid":{"rendered":"https:\/\/linitiative.ca\/International\/la-mairie-de-mbouda-se-dote-dune-pelle-chargeuse72-millions-de-f-pour-le-ramassage-des-ordures\/"},"modified":"2021-09-07T03:08:45","modified_gmt":"2021-09-07T07:08:45","slug":"la-mairie-de-mbouda-se-dote-dune-pelle-chargeuse72-millions-de-f-pour-le-ramassage-des-ordures","status":"publish","type":"post","link":"https:\/\/linitiative.ca\/International\/la-mairie-de-mbouda-se-dote-dune-pelle-chargeuse72-millions-de-f-pour-le-ramassage-des-ordures\/","title":{"rendered":"La mairie de Mbouda se dote d\u2019une pelle chargeuse(72 millions de F) pour le ramassage des ordures"},"content":{"rendered":"<div>\n<p>La commune de Mbouda vient de se doter d\u2019une pelle chargeuse. Cet engin de marque Sem de la soci\u00e9t\u00e9 Tractafric, sp\u00e9cialis\u00e9 dans la fabrication des engins de construction a \u00e9t\u00e9 r\u00e9ceptionn\u00e9 le vendredi 03 septembre dernier par le maire Wadji, avec \u00e0 ses c\u00f4t\u00e9s, le pr\u00e9fet des Bamboutos. Selon les sp\u00e9cialistes de ce domaine, cette pelle chargeuse acquise par la commune de Mbouda est dot\u00e9e d\u2019un godet chargeur d\u2019une capacit\u00e9 maximale de 1500 litres, d\u2019un moteur, d\u2019un stabilisateur et d\u2019une cabine. Cette machine est capable d\u2019effectuer les travaux les plus complexes. La pelle chargeuse, qui fait partie de la cat\u00e9gorie des engins de terrassement, est l\u2019un des v\u00e9hicules de chantier les plus sollicit\u00e9s actuellement sur le march\u00e9. Elle est \u00e9galement pourvue d\u2019un large godet sur l\u2019avant pouvant pivoter et effectuer des mouvements verticaux.<\/p>\n<p>Cet engin de chantier pourrait servir \u00e0 d\u00e9blayer et niveler les surfaces apr\u00e8s terrassement, \u00e0 remblayer des espaces creux \u00e0 savoir des trous et tranch\u00e9es. Il sera \u00e9galement r\u00e9serv\u00e9 aux activit\u00e9s de manutention, chargements et d\u00e9chargements. \u00ab Vous savez que l\u2019une des missions cardinales d\u2019une mairie est l\u2019enl\u00e8vement des ordures m\u00e9nag\u00e8res. C\u2019est une t\u00e2che quotidienne.\u00a0Je pense que le maire a compris qu\u2019au lieu de chercher tout le temps \u00e0 louer les engins pour assumer ses responsabilit\u00e9s, il fallait serrer la ceinture pour acqu\u00e9rir cette pelle chargeuse qui au-del\u00e0 de cette mission d\u2019enl\u00e8vement des ordures, constitue une source de recettes ind\u00e9niables pour cette commune. Je suis certain que cet engin va booster les recettes de la commune de Mbouda. Et avec ces recettes, la mairie pourra donc r\u00e9soudre d\u2019autres probl\u00e8mes urgents tout au moins des services sociaux de base\u00a0\u00bb, a reconnu Fran\u00e7ois Franklin Etapa, pr\u00e9fet des Bamboutos, \u00e0 l\u2019issue de la r\u00e9ception de cette pelle chargeuse neuve \u00e0 la mairie de Mbouda. \u00a0\u00a0<\/p>\n<p>Un plus de 72 millions de francs.<br \/>C\u2019est la somme d\u00e9caiss\u00e9e par la commune de Mbouda pour l\u2019acquisition de cette pelle chargeuse neuve par la commune de Mbouda dans les Bamboutos. La c\u00e9r\u00e9monie de r\u00e9ception de cet engin initialement pr\u00e9vue ce jeudi 02 septembre a \u00e9t\u00e9 d\u00e9cal\u00e9e de 24 heures du fait des contraintes li\u00e9es \u00e0 son transport jusqu\u2019\u00e0 part un porte-char.\u00a0 L\u2019acquisition de cet engin est une volont\u00e9 de l\u2019ex\u00e9cutif communal conduit par le maire Wadji dans le but de b\u00e2tir cette commune dont l\u2019image reste moins reluisante au regard des d\u00e9fis li\u00e9s \u00e0 l\u2019enl\u00e8vement des d\u00e9chets m\u00e9nagers mais aussi \u00e0 la qualit\u00e9 des infrastructures. Plac\u00e9e sous le slogan \u00ab\u00a0nous b\u00e2tissons l\u2019avenir\u00a0\u00bb, la r\u00e9ception de cet engin sur fonds propre a connu la pr\u00e9sence des autorit\u00e9s administratives locales.<\/p>\n<p>Cette pelle chargeuse acquise sur fonds propre viendra contribuer \u00e0 sa mani\u00e8re \u00e0 l\u2019assainissement de cette ville qui croupit <\/p>\n<p>sur le poids des d\u00e9chets. On se rappelle que la mairie de Mbouda et l\u2019association Tockem sont li\u00e9es par une convention dans le cadre de la gestion des d\u00e9chets depuis 2020. Cette convention pr\u00e9voit \u00e9galement la construction d\u2019un site de compostage des d\u00e9chets m\u00e9nagers en compost, dans la localit\u00e9 de Bamessingu\u00e9 dans cet arrondissement.<\/p>\n<p><strong>Armel Djiogue\u00a0<\/strong><\/p>\n<p>L\u2019article <a rel=\"nofollow\" href=\"https:\/\/ecomatin.net\/la-mairie-de-mbouda-se-dote-e-dune-pelle-chargeuse72-millions-de-f-pour-le-ramassage-des-ordures\/\">La mairie de Mbouda se dote d\u2019une pelle chargeuse(72 millions de F) pour le ramassage des ordures<\/a> est apparu en premier sur <a rel=\"nofollow\" href=\"https:\/\/ecomatin.net\/\">EcoMatin<\/a>.<\/p>\n<\/div>\n<p>Auteur: EcoMatin<br \/>\n<a href=\"https:\/\/ecomatin.net\/la-mairie-de-mbouda-se-dote-e-dune-pelle-chargeuse72-millions-de-f-pour-le-ramassage-des-ordures\/\">Cliquez ici pour lire l&rsquo;article depuis sa source.<\/a><\/p>\n","protected":false},"excerpt":{"rendered":"<p>La commune de Mbouda vient de se doter d\u2019une pelle chargeuse. Cet engin de marque Sem de la soci\u00e9t\u00e9 Tractafric, sp\u00e9cialis\u00e9 dans la fabrication des engins de construction a \u00e9t\u00e9 r\u00e9ceptionn\u00e9 le vendredi 03 septembre dernier par le maire Wadji, avec \u00e0 ses c\u00f4t\u00e9s, le pr\u00e9fet des Bamboutos. Selon les sp\u00e9cialistes de ce domaine, cette [&hellip;]<\/p>\n","protected":false},"author":1969,"featured_media":0,"comment_status":"closed","ping_status":"closed","sticky":false,"template":"","format":"standard","meta":{"fifu_image_url":"","fifu_image_alt":"","footnotes":""},"categories":[82,78],"tags":[],"class_list":["post-126369","post","type-post","status-publish","format-standard","hentry","category-cameroun","category-economie"],"_links":{"self":[{"href":"https:\/\/linitiative.ca\/International\/wp-json\/wp\/v2\/posts\/126369","targetHints":{"allow":["GET"]}}],"collection":[{"href":"https:\/\/linitiative.ca\/International\/wp-json\/wp\/v2\/posts"}],"about":[{"href":"https:\/\/linitiative.ca\/International\/wp-json\/wp\/v2\/types\/post"}],"author":[{"embeddable":true,"href":"https:\/\/linitiative.ca\/International\/wp-json\/wp\/v2\/users\/1969"}],"replies":[{"embeddable":true,"href":"https:\/\/linitiative.ca\/International\/wp-json\/wp\/v2\/comments?post=126369"}],"version-history":[{"count":0,"href":"https:\/\/linitiative.ca\/International\/wp-json\/wp\/v2\/posts\/126369\/revisions"}],"wp:attachment":[{"href":"https:\/\/linitiative.ca\/International\/wp-json\/wp\/v2\/media?parent=126369"}],"wp:term":[{"taxonomy":"category","embeddable":true,"href":"https:\/\/linitiative.ca\/International\/wp-json\/wp\/v2\/categories?post=126369"},{"taxonomy":"post_tag","embeddable":true,"href":"https:\/\/linitiative.ca\/International\/wp-json\/wp\/v2\/tags?post=126369"}],"curies":[{"name":"wp","href":"https:\/\/api.w.org\/{rel}","templated":true}]}}