{"id":126371,"date":"2021-09-07T14:23:38","date_gmt":"2021-09-07T18:23:38","guid":{"rendered":"https:\/\/linitiative.ca\/International\/management-des-institutions-financieres-hec-paris-outille-des-cadres-de-la-beac\/"},"modified":"2021-09-07T14:23:38","modified_gmt":"2021-09-07T18:23:38","slug":"management-des-institutions-financieres-hec-paris-outille-des-cadres-de-la-beac","status":"publish","type":"post","link":"https:\/\/linitiative.ca\/International\/management-des-institutions-financieres-hec-paris-outille-des-cadres-de-la-beac\/","title":{"rendered":"Management des institutions financi\u00e8res: HEC Paris outille des cadres de la Beac"},"content":{"rendered":"<div>\n<p>Ils sont environ une trentaine de hauts responsables en service \u00e0 la Banque des Etats de l\u2019Afrique centrale(Beac) qui ont re\u00e7u le 06 septembre dernier \u00e0 Yaound\u00e9 leur certificat de fin de formation \u00e0 l\u2019issue d\u2019un s\u00e9minaire de formation en management d\u00e9nomm\u00e9 \u00ab\u00a0Parcours des managers\u00a0\u00bb. Organis\u00e9 par la Beac en collaboration avec l\u2019\u00e9cole de hautes \u00e9tudes commerciales(HEC) de Paris, ce programme vise surtout \u00e0 renforcer les capacit\u00e9s manag\u00e9riales de ces hauts cadres de l\u2019institution mon\u00e9taire.<\/p>\n<p>La c\u00e9r\u00e9monie qui s\u2019est tenue \u00e0 l\u2019amphith\u00e9\u00e2tre des services de la Beac a r\u00e9uni les 2<sup>e<\/sup>\u00a0et 3<sup>e<\/sup>\u00a0promotions de ce programme dont la formation s\u2019est d\u00e9roul\u00e9e du 23 ao\u00fbt au 03 septembre 2021. Pour Le Directeur g\u00e9n\u00e9ral de l\u2019exploitation de la Beac ce programme pluriannuel de formation qui int\u00e8gre d\u2019ores et d\u00e9j\u00e0 le partenariat avec HEC constitue un rep\u00e8re fondamental pour la banque centrale. \u00ab\u00a0Nous sommes convaincus que les objectifs assign\u00e9s \u00e0 cette formation ont \u00e9t\u00e9 atteints en termes d\u2019enrichissement des comp\u00e9tences. L\u2019innovation p\u00e9dagogique de cet atelier b\u00e2ti de fa\u00e7on pragmatique autour de l\u2019exp\u00e9rimentation et de la mise en situation r\u00e9elle pour construire des cossus de d\u00e9cisions a contribu\u00e9 \u00e0 la r\u00e9ussite de la formation\u00a0\u00bb a indiqu\u00e9 C\u00e9dric Ondaye Ebauh. \u00a0<\/p>\n<p>Cette formation \u00e9tait articul\u00e9e autour de plusieurs modules dont un sur le soft management, le leadership\u00a0; la connaissance de soi, l\u2019intelligence collective. Et d\u2019autres modules dits de business case\u00a0dont un module en finance, qui leur a permis de revoir certains outils d\u2019\u00e9valuation des entreprises. \u00ab\u00a0Au d\u00e9part il y avait un peu de r\u00e9ticence\u00a0; ce n\u2019est pas un format qui est tr\u00e8s usit\u00e9 et je vous ai vu \u00e9voluer, challenger sur les zones de confort qui ne sont pas les v\u00f4tres\u00a0; je vous ai vu vous coacher et remettre en cause certaines pratiques. Ce certificat que vous allez recevoir est le symbole de votre application et de votre assiduit\u00e9. Il n\u2019aura de sens que s\u2019il est mis en pratique et s\u2019il induit un changement au sein de votre banque centrale. Ce certificat vous honore ainsi que l\u2019institution que vous repr\u00e9sentez\u00a0\u00bb a pr\u00e9cis\u00e9 Armelle Dufour, Directeur des projets Global Initiatives pour HEC Paris. D\u00e9clin\u00e9 en plusieurs phases, ce programme de formation devrait sur le long terme, s\u2019\u00e9tendre aux banques commerciales en activit\u00e9 dans la sous-r\u00e9gion, apprend-on.<\/p>\n<p>L\u2019article <a rel=\"nofollow\" href=\"https:\/\/ecomatin.net\/management-des-institutions-financieres-s-hec-paris-outille-des-cadres-de-la-beac\/\">Management des institutions financi\u00e8res: HEC Paris outille des cadres de la Beac<\/a> est apparu en premier sur <a rel=\"nofollow\" href=\"https:\/\/ecomatin.net\/\">EcoMatin<\/a>.<\/p>\n<\/div>\n<p>Auteur: Cedrick JIONGO<br \/>\n<a href=\"https:\/\/ecomatin.net\/management-des-institutions-financieres-s-hec-paris-outille-des-cadres-de-la-beac\/\">Cliquez ici pour lire l&rsquo;article depuis sa source.<\/a><\/p>\n","protected":false},"excerpt":{"rendered":"<p>Ils sont environ une trentaine de hauts responsables en service \u00e0 la Banque des Etats de l\u2019Afrique centrale(Beac) qui ont re\u00e7u le 06 septembre dernier \u00e0 Yaound\u00e9 leur certificat de fin de formation \u00e0 l\u2019issue d\u2019un s\u00e9minaire de formation en management d\u00e9nomm\u00e9 \u00ab\u00a0Parcours des managers\u00a0\u00bb. Organis\u00e9 par la Beac en collaboration avec l\u2019\u00e9cole de hautes [&hellip;]<\/p>\n","protected":false},"author":1969,"featured_media":0,"comment_status":"closed","ping_status":"closed","sticky":false,"template":"","format":"standard","meta":{"fifu_image_url":"","fifu_image_alt":"","footnotes":""},"categories":[82,78],"tags":[],"class_list":["post-126371","post","type-post","status-publish","format-standard","hentry","category-cameroun","category-economie"],"_links":{"self":[{"href":"https:\/\/linitiative.ca\/International\/wp-json\/wp\/v2\/posts\/126371","targetHints":{"allow":["GET"]}}],"collection":[{"href":"https:\/\/linitiative.ca\/International\/wp-json\/wp\/v2\/posts"}],"about":[{"href":"https:\/\/linitiative.ca\/International\/wp-json\/wp\/v2\/types\/post"}],"author":[{"embeddable":true,"href":"https:\/\/linitiative.ca\/International\/wp-json\/wp\/v2\/users\/1969"}],"replies":[{"embeddable":true,"href":"https:\/\/linitiative.ca\/International\/wp-json\/wp\/v2\/comments?post=126371"}],"version-history":[{"count":0,"href":"https:\/\/linitiative.ca\/International\/wp-json\/wp\/v2\/posts\/126371\/revisions"}],"wp:attachment":[{"href":"https:\/\/linitiative.ca\/International\/wp-json\/wp\/v2\/media?parent=126371"}],"wp:term":[{"taxonomy":"category","embeddable":true,"href":"https:\/\/linitiative.ca\/International\/wp-json\/wp\/v2\/categories?post=126371"},{"taxonomy":"post_tag","embeddable":true,"href":"https:\/\/linitiative.ca\/International\/wp-json\/wp\/v2\/tags?post=126371"}],"curies":[{"name":"wp","href":"https:\/\/api.w.org\/{rel}","templated":true}]}}