{"id":126373,"date":"2021-09-07T14:31:50","date_gmt":"2021-09-07T18:31:50","guid":{"rendered":"https:\/\/linitiative.ca\/International\/chaire-pierre-castel-neuf-etudiants-de-la-faculte-dagronomie-de-dschang-a-lhonneur\/"},"modified":"2021-09-07T14:31:50","modified_gmt":"2021-09-07T18:31:50","slug":"chaire-pierre-castel-neuf-etudiants-de-la-faculte-dagronomie-de-dschang-a-lhonneur","status":"publish","type":"post","link":"https:\/\/linitiative.ca\/International\/chaire-pierre-castel-neuf-etudiants-de-la-faculte-dagronomie-de-dschang-a-lhonneur\/","title":{"rendered":"Chaire Pierre Castel : neuf \u00e9tudiants de la Facult\u00e9 d\u2019agronomie de Dschang \u00e0 l\u2019honneur"},"content":{"rendered":"<div>\n<p>L\u2019Universit\u00e9 de Dschang \u00e0 travers sa Facult\u00e9 d\u2019Agronomie et des Sciences Agricoles (FASA), a \u00e9t\u00e9 s\u00e9lectionn\u00e9e pour la phase inaugurale de la Chaire Pierre Castel \u00ab Syst\u00e8mes alimentaires et entrepreneuriat en Afrique \u00bb, lanc\u00e9e en janvier 2021. Neuf \u00e9tudiants de la FASA font partie du patchwork des \u00e9tudiants des trois universit\u00e9s retenues pour cette \u00e9dition, en plus de l\u2019Ecole Sup\u00e9rieure d\u2019Agronomie (ESA) de l\u2019INP-HB de Yamoussoukro en C\u00f4te d\u2019Ivoire et de l\u2019\u00c9cole nationale sup\u00e9rieure des sciences agronomiques de Bordeaux (BSA) en France. Ils ont \u00e9t\u00e9 choisis au terme d\u2019un processus de s\u00e9lection qui s\u2019est fait en deux \u00e9tapes. Un appel \u00e0 projet a \u00e9t\u00e9 lanc\u00e9 dans les deux universit\u00e9s africaines, suivi d\u2019un entretien avec les candidats pr\u00e9s\u00e9lectionn\u00e9s pour \u00e9valuer leurs motivations et la pertinence de leurs projets avant validation de leur candidature. Ces cops de l\u2019Universit\u00e9 de Dschang sont tous des ing\u00e9nieurs agronomes issus des trois derni\u00e8res promotions de l\u2019universit\u00e9 (2018, 2019 et 2020).<\/p>\n<p>Ils ont b\u00e9n\u00e9fici\u00e9, avec leurs camarades ivoiriens, d\u2019un programme p\u00e9dagogique mis en place dans le cadre de la Chaire, avec pour but de leur apporter des comp\u00e9tences entrepreneuriales compl\u00e9mentaires \u00e0 travers des formations, mentorats et stages professionnels, afin de favoriser la cr\u00e9ation d\u2019entreprises durables. Un programme co-construit avec les trois universit\u00e9s membres. Pendant 2 mois les \u00e9tudiants s\u00e9lectionn\u00e9s \u00e0 l\u2019ESA et la FASA, ont particip\u00e9 \u00e0 un programme de 130 heures de formation r\u00e9parties en 5 principaux modules : L\u2019entreprise du futur, l\u2019entrepreneuriat et la comp\u00e9titivit\u00e9, la strat\u00e9gie d\u2019entreprise, le marketing et la commercialisation, le management et d\u00e9veloppement des savoirs-\u00eatre. Les 2 universit\u00e9s\u00a0\u00a0ont par ailleurs enrichi le programme initial en fonction des besoins identifi\u00e9s : techniques de communication, comptabilit\u00e9 agricole et audit. Ces formations ont \u00e9t\u00e9 assur\u00e9es par des enseignants de chaque \u00e9tablissement et ont \u00e9galement sollicit\u00e9 la participation d\u2019experts venant de structures externes : la BAD, Callivoire, la SIFCA, Es Partners, en C\u00f4te d\u2019Ivoire et ANOR, l\u2019Agence Universitaire pour l\u2019innovation, Wake UP Africa au Cameroun.<\/p>\n<p>Dans le cadre des stages de professionnalisation, les ing\u00e9nieurs ont int\u00e9gr\u00e9 pour une dur\u00e9e de 3 \u00e0 5 mois les filiales SABC, Solibra, SGMC, SUCAF-CI du Groupe Castel\/SOMDIAA et la SITA. Ils effectuent un stage r\u00e9mun\u00e9r\u00e9 au sein de plusieurs d\u00e9partements de direction (finance, marketing, logistique, contr\u00f4le qualit\u00e9\u2026). Cette phase de stage est une immersion au c\u0153ur du monde professionnel, elle permet aux entrepreneurs d\u2019enrichir leur projet par une meilleure compr\u00e9hension du fonctionnement d\u2019une entreprise et des attentes du march\u00e9. Il importe de pr\u00e9ciser que la Chaire Pierre Castel a pour objectif de former des \u00e9tudiants et jeunes dipl\u00f4m\u00e9s en agronomie aux enjeux et pratiques entrepreneuriales.<\/p>\n<p>L\u2019article <a rel=\"nofollow\" href=\"https:\/\/ecomatin.net\/chaire-pierre-castel-neuf-etudiants-s-de-la-faculte-dagronomie-de-dschang-a-lhonneur\/\">Chaire Pierre Castel : neuf \u00e9tudiants de la Facult\u00e9 d\u2019agronomie de Dschang \u00e0 l\u2019honneur<\/a> est apparu en premier sur <a rel=\"nofollow\" href=\"https:\/\/ecomatin.net\/\">EcoMatin<\/a>.<\/p>\n<\/div>\n<p>Auteur: Yannick KENNE<br \/>\n<a href=\"https:\/\/ecomatin.net\/chaire-pierre-castel-neuf-etudiants-s-de-la-faculte-dagronomie-de-dschang-a-lhonneur\/\">Cliquez ici pour lire l&rsquo;article depuis sa source.<\/a><\/p>\n","protected":false},"excerpt":{"rendered":"<p>L\u2019Universit\u00e9 de Dschang \u00e0 travers sa Facult\u00e9 d\u2019Agronomie et des Sciences Agricoles (FASA), a \u00e9t\u00e9 s\u00e9lectionn\u00e9e pour la phase inaugurale de la Chaire Pierre Castel \u00ab Syst\u00e8mes alimentaires et entrepreneuriat en Afrique \u00bb, lanc\u00e9e en janvier 2021. Neuf \u00e9tudiants de la FASA font partie du patchwork des \u00e9tudiants des trois universit\u00e9s retenues pour cette \u00e9dition, [&hellip;]<\/p>\n","protected":false},"author":1969,"featured_media":0,"comment_status":"closed","ping_status":"closed","sticky":false,"template":"","format":"standard","meta":{"fifu_image_url":"","fifu_image_alt":"","footnotes":""},"categories":[82,78],"tags":[],"class_list":["post-126373","post","type-post","status-publish","format-standard","hentry","category-cameroun","category-economie"],"_links":{"self":[{"href":"https:\/\/linitiative.ca\/International\/wp-json\/wp\/v2\/posts\/126373","targetHints":{"allow":["GET"]}}],"collection":[{"href":"https:\/\/linitiative.ca\/International\/wp-json\/wp\/v2\/posts"}],"about":[{"href":"https:\/\/linitiative.ca\/International\/wp-json\/wp\/v2\/types\/post"}],"author":[{"embeddable":true,"href":"https:\/\/linitiative.ca\/International\/wp-json\/wp\/v2\/users\/1969"}],"replies":[{"embeddable":true,"href":"https:\/\/linitiative.ca\/International\/wp-json\/wp\/v2\/comments?post=126373"}],"version-history":[{"count":0,"href":"https:\/\/linitiative.ca\/International\/wp-json\/wp\/v2\/posts\/126373\/revisions"}],"wp:attachment":[{"href":"https:\/\/linitiative.ca\/International\/wp-json\/wp\/v2\/media?parent=126373"}],"wp:term":[{"taxonomy":"category","embeddable":true,"href":"https:\/\/linitiative.ca\/International\/wp-json\/wp\/v2\/categories?post=126373"},{"taxonomy":"post_tag","embeddable":true,"href":"https:\/\/linitiative.ca\/International\/wp-json\/wp\/v2\/tags?post=126373"}],"curies":[{"name":"wp","href":"https:\/\/api.w.org\/{rel}","templated":true}]}}