{"id":126374,"date":"2021-09-08T07:30:18","date_gmt":"2021-09-08T11:30:18","guid":{"rendered":"https:\/\/linitiative.ca\/International\/mohammedia-a-peine-sorti-de-prison-il-y-retourne\/"},"modified":"2021-09-08T07:30:18","modified_gmt":"2021-09-08T11:30:18","slug":"mohammedia-a-peine-sorti-de-prison-il-y-retourne","status":"publish","type":"post","link":"https:\/\/linitiative.ca\/International\/mohammedia-a-peine-sorti-de-prison-il-y-retourne\/","title":{"rendered":"Mohammedia : A peine sorti de prison, il y retourne"},"content":{"rendered":"<div>\n<p><img decoding=\"async\" width=\"300\" height=\"153\" src=\"https:\/\/linitiative.ca\/International\/wp-content\/uploads\/sites\/23\/2021\/09\/Prison-Maroc-300x153-1.jpg\" class=\"attachment-medium size-medium wp-post-image\" alt=\"\" loading=\"lazy\" srcset=\"\/\/aujourdhui.ma\/wp-content\/uploads\/2021\/08\/Prison-Maroc-300x153.jpg 300w, \/\/aujourdhui.ma\/wp-content\/uploads\/2021\/08\/Prison-Maroc-274x140.jpg 274w, \/\/aujourdhui.ma\/wp-content\/uploads\/2021\/08\/Prison-Maroc.jpg 746w, \/\/aujourdhui.ma\/wp-content\/uploads\/2021\/08\/Prison-Maroc-165x84.jpg 165w, \/\/aujourdhui.ma\/wp-content\/uploads\/2021\/08\/Prison-Maroc-702x358.jpg 702w\" sizes=\"auto, (max-width: 300px) 100vw, 300px\"><\/p>\n<p><span style=\"color: #800000;\"><strong>Les \u00e9l\u00e9ments de la gendarmerie royale d\u2019Al Fath I, \u00e0 Mohammedia, ont mis fin au parcours criminel d\u2019un malfrat qui faisait l\u2019objet de quatorze plaintes.<\/strong><\/span><span id=\"more-386083\"><\/span><\/p>\n<p>Il s\u2019agit d\u2019un repris de justice, \u00e2g\u00e9 de vingt-sept ans, qui a quitt\u00e9, il y a \u00e0 peine quelques semaines, la prison apr\u00e8s y avoir pass\u00e9 cinq ans. En effet, les enqu\u00eateurs de la gendarmerie royale l\u2019ont identifi\u00e9 apr\u00e8s avoir montr\u00e9 ses photos aux victimes qui l\u2019ont tout de suite reconnu. Les investigations men\u00e9es par les gendarmes ont conclu qu\u2019il a pris un grand taxi en direction de la r\u00e9gion d\u2019Al Fath. D\u00e8s qu\u2019il en est descendu, il s\u2019est retrouv\u00e9 nez \u00e0 nez avec les limiers qui l\u2019ont menott\u00e9. Sur lui, ils ont saisi deux couteaux et une importante somme d\u2019argent. Soumis aux interrogatoires, il a avou\u00e9 avoir un complice. Ce dernier fait actuellement l\u2019objet d\u2019une note de recherche \u00e0 l\u2019\u00e9chelle nationale. Quant \u00e0 ce repris de justice, il a \u00e9t\u00e9 traduit devant le parquet g\u00e9n\u00e9ral pr\u00e8s la Cour d\u2019appel de Casablanca.<\/p>\n<\/div>\n<p>Auteur: Abderrafii ALOUMLIKI<br \/>\n<a href=\"https:\/\/aujourdhui.ma\/faits-divers\/mohammedia-a-peine-sorti-de-prison-il-y-retourne\">Cliquez ici pour lire l&rsquo;article depuis sa source.<\/a><\/p>\n","protected":false},"excerpt":{"rendered":"<p>Les \u00e9l\u00e9ments de la gendarmerie royale d\u2019Al Fath I, \u00e0 Mohammedia, ont mis fin au parcours criminel d\u2019un malfrat qui faisait l\u2019objet de quatorze plaintes. Il s\u2019agit d\u2019un repris de justice, \u00e2g\u00e9 de vingt-sept ans, qui a quitt\u00e9, il y a \u00e0 peine quelques semaines, la prison apr\u00e8s y avoir pass\u00e9 cinq ans. En effet, [&hellip;]<\/p>\n","protected":false},"author":1759,"featured_media":0,"comment_status":"closed","ping_status":"closed","sticky":false,"template":"","format":"standard","meta":{"fifu_image_url":"https:\/\/aujourdhui.ma\/wp-content\/uploads\/2021\/08\/Prison-Maroc-300x153.jpg","fifu_image_alt":"Mohammedia : A peine sorti de prison, il y retourne","footnotes":""},"categories":[73,54],"tags":[],"class_list":["post-126374","post","type-post","status-publish","format-standard","hentry","category-actualite","category-maroc"],"_links":{"self":[{"href":"https:\/\/linitiative.ca\/International\/wp-json\/wp\/v2\/posts\/126374","targetHints":{"allow":["GET"]}}],"collection":[{"href":"https:\/\/linitiative.ca\/International\/wp-json\/wp\/v2\/posts"}],"about":[{"href":"https:\/\/linitiative.ca\/International\/wp-json\/wp\/v2\/types\/post"}],"author":[{"embeddable":true,"href":"https:\/\/linitiative.ca\/International\/wp-json\/wp\/v2\/users\/1759"}],"replies":[{"embeddable":true,"href":"https:\/\/linitiative.ca\/International\/wp-json\/wp\/v2\/comments?post=126374"}],"version-history":[{"count":0,"href":"https:\/\/linitiative.ca\/International\/wp-json\/wp\/v2\/posts\/126374\/revisions"}],"wp:attachment":[{"href":"https:\/\/linitiative.ca\/International\/wp-json\/wp\/v2\/media?parent=126374"}],"wp:term":[{"taxonomy":"category","embeddable":true,"href":"https:\/\/linitiative.ca\/International\/wp-json\/wp\/v2\/categories?post=126374"},{"taxonomy":"post_tag","embeddable":true,"href":"https:\/\/linitiative.ca\/International\/wp-json\/wp\/v2\/tags?post=126374"}],"curies":[{"name":"wp","href":"https:\/\/api.w.org\/{rel}","templated":true}]}}