{"id":126376,"date":"2021-09-08T07:30:31","date_gmt":"2021-09-08T11:30:31","guid":{"rendered":"https:\/\/linitiative.ca\/International\/reprise-scolaire-voici-les-recommandations-de-ford-pour-emmener-les-enfants-a-lecole-en-toute-securite\/"},"modified":"2021-09-08T07:30:31","modified_gmt":"2021-09-08T11:30:31","slug":"reprise-scolaire-voici-les-recommandations-de-ford-pour-emmener-les-enfants-a-lecole-en-toute-securite","status":"publish","type":"post","link":"https:\/\/linitiative.ca\/International\/reprise-scolaire-voici-les-recommandations-de-ford-pour-emmener-les-enfants-a-lecole-en-toute-securite\/","title":{"rendered":"Reprise scolaire : Voici les recommandations de Ford pour emmener les enfants \u00e0 l\u2019\u00e9cole en toute s\u00e9curit\u00e9"},"content":{"rendered":"<div>\n<p><img decoding=\"async\" width=\"300\" height=\"153\" src=\"https:\/\/linitiative.ca\/International\/wp-content\/uploads\/sites\/23\/2021\/09\/Reprise-scolaire-300x153-1.jpg\" class=\"attachment-medium size-medium wp-post-image\" alt=\"\" loading=\"lazy\" srcset=\"\/\/aujourdhui.ma\/wp-content\/uploads\/2021\/09\/Reprise-scolaire-300x153.jpg 300w, \/\/aujourdhui.ma\/wp-content\/uploads\/2021\/09\/Reprise-scolaire-274x140.jpg 274w, \/\/aujourdhui.ma\/wp-content\/uploads\/2021\/09\/Reprise-scolaire.jpg 746w, \/\/aujourdhui.ma\/wp-content\/uploads\/2021\/09\/Reprise-scolaire-165x84.jpg 165w, \/\/aujourdhui.ma\/wp-content\/uploads\/2021\/09\/Reprise-scolaire-702x358.jpg 702w\" sizes=\"auto, (max-width: 300px) 100vw, 300px\"><\/p>\n<div class=\"base-box mom_box_sc_custom mom_box_sc clear\" style=\"-moz-border-radius: 5px; border-radius: 5px;background-color:#fdd8c6;\">\n<p><strong>Les vacances d\u2019\u00e9t\u00e9 sont achev\u00e9es, Ford propose toute une s\u00e9rie de conseils pour une conduite plus s\u00fbre et sans stress lorsque vous emmenez vos enfants \u00e0 l\u2019\u00e9cole. Vos enfants viennent de regagner les bancs de l\u2019\u00e9cole et comme chaque ann\u00e9e, la p\u00e9riode de reprise scolaire est source de stress aussi bien pour les parents que pour les enfants. Ce stress s\u2019accentue lorsque, \u00e0 bord de nos voitures, nous sommes oblig\u00e9s d\u2019affronter, durant les heures de pointe, les interminables bouchons au sein d\u2019une circulation routi\u00e8re pour le moins chaotique. Si Ford ne peut pas accomplir \u00e0 votre place votre trajet quotidien au milieu du capharna\u00fcm routier, il peut toutefois vous proposer quelques conseils pour rendre votre voyage moins stressant et plus agr\u00e9able.<\/strong><\/p>\n<\/div>\n<p><span style=\"color: #ff0000;\"><strong>Sortez plus t\u00f4t de chez vous!<\/strong><\/span><\/p>\n<p><a href=\"https:\/\/linitiative.ca\/International\/wp-content\/uploads\/sites\/23\/2021\/09\/2-1.jpg\"><img decoding=\"async\" loading=\"lazy\" class=\"wp-image-386069 alignleft\" src=\"https:\/\/linitiative.ca\/International\/wp-content\/uploads\/sites\/23\/2021\/09\/2-1.jpg\" alt=\"\" width=\"91\" height=\"105\" srcset=\"\/\/aujourdhui.ma\/wp-content\/uploads\/2021\/09\/2.jpg 789w, \/\/aujourdhui.ma\/wp-content\/uploads\/2021\/09\/2-260x300.jpg 260w, \/\/aujourdhui.ma\/wp-content\/uploads\/2021\/09\/2-768x885.jpg 768w\" sizes=\"auto, (max-width: 91px) 100vw, 91px\"><\/a><\/p>\n<p>Avec la reprise scolaire et durant les heures de pointe, nous avons tendance \u00e0 rouler parechoc contre parechoc. Pour \u00e9viter les embouteillages, prenez donc l\u2019habitude de sortir plus t\u00f4t le matin. Partir en retard pour ramener vos enfants \u00e0 l\u2019\u00e9cole vous oblige \u00e0 \u00eatre encore plus stress\u00e9 et \u00e0 conduire plus rapidement pour tenter de vous frayer votre chemin \u00e0 travers une circulation tr\u00e8s dense, en multipliant les imprudences et les risques au volant. Pr\u00e9voyez toujours une bonne dizaine de minutes d\u2019avance afin de n\u2019avoir jamais besoin de vous presser.<\/p>\n<p>\u00a0<\/p>\n<p><span style=\"color: #ff0000;\"><strong>Conduisez prudemment et r\u00e9duisez votre vitesse<\/strong><\/span><\/p>\n<p><a href=\"https:\/\/linitiative.ca\/International\/wp-content\/uploads\/sites\/23\/2021\/09\/3.jpg\"><img decoding=\"async\" loading=\"lazy\" class=\"wp-image-386070 alignright\" src=\"https:\/\/linitiative.ca\/International\/wp-content\/uploads\/sites\/23\/2021\/09\/3.jpg\" alt=\"\" width=\"128\" height=\"185\" srcset=\"\/\/aujourdhui.ma\/wp-content\/uploads\/2021\/09\/3.jpg 1221w, \/\/aujourdhui.ma\/wp-content\/uploads\/2021\/09\/3-208x300.jpg 208w, \/\/aujourdhui.ma\/wp-content\/uploads\/2021\/09\/3-710x1024.jpg 710w, \/\/aujourdhui.ma\/wp-content\/uploads\/2021\/09\/3-768x1108.jpg 768w, \/\/aujourdhui.ma\/wp-content\/uploads\/2021\/09\/3-1065x1536.jpg 1065w\" sizes=\"auto, (max-width: 128px) 100vw, 128px\"><\/a><\/p>\n<p>Si vous quittez la maison un peu plus t\u00f4t, vous disposerez d\u2019un temps suffisant pour profiter d\u2019une conduite au rythme beaucoup plus paisible. Votre vitesse s\u2019en trouvera ainsi r\u00e9duite de mani\u00e8re significative, notamment dans les zones scolaires o\u00f9 il convient de redoubler de prudence. Malgr\u00e9 tous nos conseils, restez toujours vigilants face au comportement de conduite impulsif potentiel d\u2019autres usagers de la route. Les voitures Ford sont \u00e9galement con\u00e7ues avec une caract\u00e9ristique de s\u00e9curit\u00e9 suppl\u00e9mentaire : elles sont \u00e9quip\u00e9es d\u2019un avertisseur frontal de collision avec assistance au freinage. Cette option utilise des capteurs capables de d\u00e9tecter les v\u00e9hicules plus lents qui avancent devant vous et qui d\u00e9clenchent des signaux lorsque vous vous en approchez trop rapidement.<\/p>\n<p>\u00a0<\/p>\n<p><span style=\"color: #ff0000;\"><strong>N\u2019oubliez pas votre ceinture de s\u00e9curit\u00e9 !<\/strong><\/span><\/p>\n<p><a href=\"https:\/\/linitiative.ca\/International\/wp-content\/uploads\/sites\/23\/2021\/09\/4.jpg\"><img decoding=\"async\" loading=\"lazy\" class=\"wp-image-386071 alignleft\" src=\"https:\/\/linitiative.ca\/International\/wp-content\/uploads\/sites\/23\/2021\/09\/4.jpg\" alt=\"\" width=\"135\" height=\"158\" srcset=\"\/\/aujourdhui.ma\/wp-content\/uploads\/2021\/09\/4.jpg 1081w, \/\/aujourdhui.ma\/wp-content\/uploads\/2021\/09\/4-256x300.jpg 256w, \/\/aujourdhui.ma\/wp-content\/uploads\/2021\/09\/4-872x1024.jpg 872w, \/\/aujourdhui.ma\/wp-content\/uploads\/2021\/09\/4-768x902.jpg 768w\" sizes=\"auto, (max-width: 135px) 100vw, 135px\"><\/a><\/p>\n<p>Assurez-vous que tous vos passagers et vous-m\u00eame vous portez vos ceintures de s\u00e9curit\u00e9. Un tel geste, malgr\u00e9 sa simplicit\u00e9 apparente, pourrait tr\u00e8s bien vous sauver la vie, ainsi que celle de vos enfants ! Assurez-vous que les si\u00e8ges arri\u00e8re pour enfants sont correctement maintenus et stabilis\u00e9s. Ford \u00e9quipe ses v\u00e9hicules de ceintures de s\u00e9curit\u00e9 arri\u00e8re gonflables pour enfants. De telles ceintures r\u00e9partissent, en cas de choc, les forces de maintien sur une zone plus large du corps, aussi bien au niveau de l\u2019abdomen, de la poitrine que de l\u2019\u00e9paule.<br \/>\nConfortables, elles limitent consid\u00e9rablement la force de projection du corps vers l\u2019avant en cas de collision, r\u00e9duisant ainsi les risques de blessures au niveau de la poitrine et de la t\u00eate.<\/p>\n<p>\u00a0<\/p>\n<p><span style=\"color: #ff0000;\"><strong>Apprenez \u00e0 partager la route avec les autres<\/strong><\/span><\/p>\n<p><a href=\"https:\/\/aujourdhui.ma\/wp-content\/uploads\/2021\/09\/6.jpg\"><img decoding=\"async\" loading=\"lazy\" class=\"size-thumbnail wp-image-386073 alignright\" src=\"https:\/\/linitiative.ca\/International\/wp-content\/uploads\/sites\/23\/2021\/09\/6-150x150-1.jpg\" alt=\"\" width=\"150\" height=\"150\" srcset=\"\/\/aujourdhui.ma\/wp-content\/uploads\/2021\/09\/6-150x150.jpg 150w, \/\/aujourdhui.ma\/wp-content\/uploads\/2021\/09\/6-36x36.jpg 36w\" sizes=\"auto, (max-width: 150px) 100vw, 150px\"><\/a><\/p>\n<p>La route appartient \u00e0 tout le monde ! Vous devez donc la partager avec les autres v\u00e9hicules, notamment avec les bus scolaires qui circulent \u00e0 nouveau, un peu partout, apr\u00e8s avoir disparu durant toute la p\u00e9riode estivale.<br \/>\nBien qu\u2019il soit extr\u00eamement aga\u00e7ant de se retrouver bloqu\u00e9 dans une petite ruelle derri\u00e8re ces grands bus jaunes qui semblent prendre tout leur temps lorsqu\u2019ils s\u2019arr\u00eatent, rappelez-vous que ceux-ci transportent des \u00abmarchandises\u00bb aussi pr\u00e9cieuses qu\u2019impr\u00e9visibles : il s\u2019agit de nos enfants ! Ces derniers ne font pas toujours attention aux dangers potentiels capables de survenir lorsqu\u2019ils descendent du bus en courant dans tous les sens. Alors faites tr\u00e8s attention !<\/p>\n<p><span style=\"color: #ff0000;\"><strong>Ne soyez pas distrait !<\/strong><\/span><\/p>\n<p><a href=\"https:\/\/aujourdhui.ma\/wp-content\/uploads\/2021\/09\/5.jpg\"><img decoding=\"async\" loading=\"lazy\" class=\"size-thumbnail wp-image-386072 alignleft\" src=\"https:\/\/linitiative.ca\/International\/wp-content\/uploads\/sites\/23\/2021\/09\/5-150x150-1.jpg\" alt=\"\" width=\"150\" height=\"150\" srcset=\"\/\/aujourdhui.ma\/wp-content\/uploads\/2021\/09\/5-150x150.jpg 150w, \/\/aujourdhui.ma\/wp-content\/uploads\/2021\/09\/5-36x36.jpg 36w\" sizes=\"auto, (max-width: 150px) 100vw, 150px\"><\/a><\/p>\n<p>Ford \u00e9quipe ses v\u00e9hicules d\u2019une grande quantit\u00e9 de technologies d\u2019assistance au conducteur destin\u00e9es \u00e0 vous \u00e9viter de vous retrouver distrait lorsque vous conduisez. Parmi ces technologies, on retrouve le syst\u00e8me de contr\u00f4le de vitesse adaptatif avec avertisseur de collision, mais \u00e9galement les syst\u00e8mes de d\u00e9tection d\u2019angles morts. Vous pouvez enfin faire \u00e9viter \u00e0 vos passagers, avant et arri\u00e8re, de s\u2019ennuyer en leur faisant \u00e9couter leur musique pr\u00e9f\u00e9r\u00e9e gr\u00e2ce au syst\u00e8me d\u2019info divertissement SYNC 3.<\/p>\n<\/div>\n<p>Auteur: ALM<br \/>\n<a href=\"https:\/\/aujourdhui.ma\/automobile\/reprise-scolaire-voici-les-recommandations-de-ford-pour-emmener-les-enfants-a-lecole-en-toute-securite\">Cliquez ici pour lire l&rsquo;article depuis sa source.<\/a><\/p>\n","protected":false},"excerpt":{"rendered":"<p>Les vacances d\u2019\u00e9t\u00e9 sont achev\u00e9es, Ford propose toute une s\u00e9rie de conseils pour une conduite plus s\u00fbre et sans stress lorsque vous emmenez vos enfants \u00e0 l\u2019\u00e9cole. Vos enfants viennent de regagner les bancs de l\u2019\u00e9cole et comme chaque ann\u00e9e, la p\u00e9riode de reprise scolaire est source de stress aussi bien pour les parents que [&hellip;]<\/p>\n","protected":false},"author":1759,"featured_media":0,"comment_status":"closed","ping_status":"closed","sticky":false,"template":"","format":"standard","meta":{"fifu_image_url":"https:\/\/aujourdhui.ma\/wp-content\/uploads\/2021\/09\/Reprise-scolaire-300x153.jpg","fifu_image_alt":"Reprise scolaire : Voici les recommandations de Ford pour emmener les enfants \u00e0 l\u2019\u00e9cole en toute s\u00e9curit\u00e9","footnotes":""},"categories":[73,54],"tags":[],"class_list":["post-126376","post","type-post","status-publish","format-standard","hentry","category-actualite","category-maroc"],"_links":{"self":[{"href":"https:\/\/linitiative.ca\/International\/wp-json\/wp\/v2\/posts\/126376","targetHints":{"allow":["GET"]}}],"collection":[{"href":"https:\/\/linitiative.ca\/International\/wp-json\/wp\/v2\/posts"}],"about":[{"href":"https:\/\/linitiative.ca\/International\/wp-json\/wp\/v2\/types\/post"}],"author":[{"embeddable":true,"href":"https:\/\/linitiative.ca\/International\/wp-json\/wp\/v2\/users\/1759"}],"replies":[{"embeddable":true,"href":"https:\/\/linitiative.ca\/International\/wp-json\/wp\/v2\/comments?post=126376"}],"version-history":[{"count":0,"href":"https:\/\/linitiative.ca\/International\/wp-json\/wp\/v2\/posts\/126376\/revisions"}],"wp:attachment":[{"href":"https:\/\/linitiative.ca\/International\/wp-json\/wp\/v2\/media?parent=126376"}],"wp:term":[{"taxonomy":"category","embeddable":true,"href":"https:\/\/linitiative.ca\/International\/wp-json\/wp\/v2\/categories?post=126376"},{"taxonomy":"post_tag","embeddable":true,"href":"https:\/\/linitiative.ca\/International\/wp-json\/wp\/v2\/tags?post=126376"}],"curies":[{"name":"wp","href":"https:\/\/api.w.org\/{rel}","templated":true}]}}