{"id":126383,"date":"2021-09-08T08:19:01","date_gmt":"2021-09-08T12:19:01","guid":{"rendered":"https:\/\/linitiative.ca\/International\/sous-loeil-des-observateurs-de-la-societe-civile-bon-deroulement-de-loperation-de-vote\/"},"modified":"2021-09-08T08:19:01","modified_gmt":"2021-09-08T12:19:01","slug":"sous-loeil-des-observateurs-de-la-societe-civile-bon-deroulement-de-loperation-de-vote","status":"publish","type":"post","link":"https:\/\/linitiative.ca\/International\/sous-loeil-des-observateurs-de-la-societe-civile-bon-deroulement-de-loperation-de-vote\/","title":{"rendered":"Sous l\u2019oeil des observateurs de la soci\u00e9t\u00e9 civile, bon d\u00e9roulement de l\u2019op\u00e9ration de vote"},"content":{"rendered":"<div>\n<p><img decoding=\"async\" width=\"300\" height=\"153\" src=\"https:\/\/linitiative.ca\/International\/wp-content\/uploads\/sites\/23\/2021\/09\/Sous-loeil-des-observateurs-de-la-societe-civile-bon-deroulement-de-loperation-de-vote-300x153-1.jpg\" class=\"attachment-medium size-medium wp-post-image\" alt=\"\" loading=\"lazy\" srcset=\"\/\/aujourdhui.ma\/wp-content\/uploads\/2021\/09\/Sous-loeil-des-observateurs-de-la-societe-civile-bon-deroulement-de-loperation-de-vote-300x153.jpg 300w, \/\/aujourdhui.ma\/wp-content\/uploads\/2021\/09\/Sous-loeil-des-observateurs-de-la-societe-civile-bon-deroulement-de-loperation-de-vote-274x140.jpg 274w, \/\/aujourdhui.ma\/wp-content\/uploads\/2021\/09\/Sous-loeil-des-observateurs-de-la-societe-civile-bon-deroulement-de-loperation-de-vote.jpg 746w, \/\/aujourdhui.ma\/wp-content\/uploads\/2021\/09\/Sous-loeil-des-observateurs-de-la-societe-civile-bon-deroulement-de-loperation-de-vote-165x84.jpg 165w, \/\/aujourdhui.ma\/wp-content\/uploads\/2021\/09\/Sous-loeil-des-observateurs-de-la-societe-civile-bon-deroulement-de-loperation-de-vote-702x358.jpg 702w\" sizes=\"auto, (max-width: 300px) 100vw, 300px\"><\/p>\n<p>Les \u00e9lecteurs continuent d\u2019affluer aux bureaux de vote en cette journ\u00e9e exceptionnelle du 8 septembre qui connait l\u2019organisation simultan\u00e9e des \u00e9lections l\u00e9gislatives, r\u00e9gionales et communales. Selon les premi\u00e8res informations remont\u00e9es depuis le terrain, l\u2019op\u00e9ration se d\u00e9roule dans de donnes conditions sous l\u2019oeil des observateurs de la soci\u00e9t\u00e9 civile accr\u00e9dit\u00e9s par le CNDH comme dans ce reportage \u00e0 Hay Mohammadi. Pour rappel, l\u2019op\u00e9ration de vote se poursuivra dans l\u2019ensemble du territoire national jusqu\u2019\u00e0 19h00.<\/p>\n<p><strong>Reportage Chafik Arich\u00a0<\/strong><\/p>\n<\/div>\n<p>Auteur: ALM<br \/>\n<a href=\"https:\/\/aujourdhui.ma\/actualite\/sous-loeil-des-observateurs-de-la-societe-civile-bon-deroulement-de-loperation-de-vote\">Cliquez ici pour lire l&rsquo;article depuis sa source.<\/a><\/p>\n","protected":false},"excerpt":{"rendered":"<p>Les \u00e9lecteurs continuent d\u2019affluer aux bureaux de vote en cette journ\u00e9e exceptionnelle du 8 septembre qui connait l\u2019organisation simultan\u00e9e des \u00e9lections l\u00e9gislatives, r\u00e9gionales et communales. Selon les premi\u00e8res informations remont\u00e9es depuis le terrain, l\u2019op\u00e9ration se d\u00e9roule dans de donnes conditions sous l\u2019oeil des observateurs de la soci\u00e9t\u00e9 civile accr\u00e9dit\u00e9s par le CNDH comme dans ce [&hellip;]<\/p>\n","protected":false},"author":1759,"featured_media":0,"comment_status":"closed","ping_status":"closed","sticky":false,"template":"","format":"standard","meta":{"fifu_image_url":"https:\/\/aujourdhui.ma\/wp-content\/uploads\/2021\/09\/Sous-loeil-des-observateurs-de-la-societe-civile-bon-deroulement-de-loperation-de-vote-300x153.jpg","fifu_image_alt":"Sous l\u2019oeil des observateurs de la soci\u00e9t\u00e9 civile, bon d\u00e9roulement de l\u2019op\u00e9ration de vote","footnotes":""},"categories":[73,54],"tags":[],"class_list":["post-126383","post","type-post","status-publish","format-standard","hentry","category-actualite","category-maroc"],"_links":{"self":[{"href":"https:\/\/linitiative.ca\/International\/wp-json\/wp\/v2\/posts\/126383","targetHints":{"allow":["GET"]}}],"collection":[{"href":"https:\/\/linitiative.ca\/International\/wp-json\/wp\/v2\/posts"}],"about":[{"href":"https:\/\/linitiative.ca\/International\/wp-json\/wp\/v2\/types\/post"}],"author":[{"embeddable":true,"href":"https:\/\/linitiative.ca\/International\/wp-json\/wp\/v2\/users\/1759"}],"replies":[{"embeddable":true,"href":"https:\/\/linitiative.ca\/International\/wp-json\/wp\/v2\/comments?post=126383"}],"version-history":[{"count":0,"href":"https:\/\/linitiative.ca\/International\/wp-json\/wp\/v2\/posts\/126383\/revisions"}],"wp:attachment":[{"href":"https:\/\/linitiative.ca\/International\/wp-json\/wp\/v2\/media?parent=126383"}],"wp:term":[{"taxonomy":"category","embeddable":true,"href":"https:\/\/linitiative.ca\/International\/wp-json\/wp\/v2\/categories?post=126383"},{"taxonomy":"post_tag","embeddable":true,"href":"https:\/\/linitiative.ca\/International\/wp-json\/wp\/v2\/tags?post=126383"}],"curies":[{"name":"wp","href":"https:\/\/api.w.org\/{rel}","templated":true}]}}